{"id":54135,"date":"2022-12-17T09:49:00","date_gmt":"2022-12-17T15:49:00","guid":{"rendered":"http:\/\/bambapolitica.com.mx\/?p=54135"},"modified":"2022-12-16T09:50:28","modified_gmt":"2022-12-16T15:50:28","slug":"lorenzo-cordova-adelanta-una-dura-y-ardua-batalla-juridica-para-defender-la-democracia-en-mexico","status":"publish","type":"post","link":"https:\/\/bambapolitica.com.mx\/index.php\/2022\/12\/17\/lorenzo-cordova-adelanta-una-dura-y-ardua-batalla-juridica-para-defender-la-democracia-en-mexico\/","title":{"rendered":"Lorenzo C\u00f3rdova adelanta una \u201cdura y ardua batalla jur\u00eddica\u201d para defender la democracia en M\u00e9xico"},"content":{"rendered":"\n<p>S\u00e1bado, 17 de diciembre de 2022<\/p>\n\n\n\n<p>Lorenzo C\u00f3rdova asegur\u00f3 que se explotar\u00e1n \u201ctodos los cauces jur\u00eddicos\u201d para defender la democracia en M\u00e9xico<br>El consejero presidente del Instituto Nacional Electoral (INE), Lorenzo C\u00f3rdova, adelant\u00f3 que habr\u00e1 una \u201cdura y ardua batalla jur\u00eddica\u201d para defender la democracia en M\u00e9xico.<br>Hay quien pretende echar a doblar las campanas por la democracia y por el INE, a ellos creo que hay que decirles que guarden las palas porque no son tiempos todav\u00eda de entierro\u201c, sentenci\u00f3 C\u00f3rdova Vianello en un video compartido en sus redes sociales.<\/p>\n\n\n\n<p>El consejero presidente asegur\u00f3 que el sistema electoral, si bien es perfectible, es una \u201cconquista de todos, que una mayor\u00eda tir\u00e1nica no nos puede arrebatar\u201d.<\/p>\n\n\n\n<p>Asegur\u00f3 que la \u201cbatalla jur\u00eddica\u201d va a \u201cpasar por explotar todos los cauces jur\u00eddicos que est\u00e9n al alcance de las ciudadanas, de los ciudadanos, y de las instituciones, para que, confiamos, el d\u00eda de ma\u00f1ana, a golpes de jurisprudencia, salvemos a nuestra democracia, esa construcci\u00f3n que no es de unos, es de todos\u201d.<\/p>\n\n\n\n<p>Lorenzo C\u00f3rdova hizo votos porque en el futuro se diga que en M\u00e9xico \u201cseguimos construyendo cultura c\u00edvica y democr\u00e1tica, y no que hayamos emprendido una ruta de regresi\u00f3n democr\u00e1tica como lamentablemente ha ocurrido en otros pa\u00edses\u201d.<\/p>\n\n\n\n<p>Las declaraciones de C\u00f3rdova Vianello se producen ante la aprobaci\u00f3n del \u2018Plan B\u2019 de la reforma electoral impulsada por el gobierno del presidente Andr\u00e9s Manuel L\u00f3pez Obrador en el Congreso y recorte de casi 4.5 mil millones de pesos que la C\u00e1mara de Diputados impuso al INE para el periodo fiscal de 2023.<\/p>\n","protected":false},"excerpt":{"rendered":"<p>S\u00e1bado, 17 de diciembre de 2022 Lorenzo C\u00f3rdova asegur\u00f3 que se explotar\u00e1n \u201ctodos los cauces&#8230;<\/p>\n","protected":false},"author":3,"featured_media":54136,"comment_status":"closed","ping_status":"closed","sticky":false,"template":"","format":"standard","meta":{"footnotes":""},"categories":[4],"tags":[],"class_list":["post-54135","post","type-post","status-publish","format-standard","has-post-thumbnail","hentry","category-noticias-del-dia"],"_links":{"self":[{"href":"https:\/\/bambapolitica.com.mx\/index.php\/wp-json\/wp\/v2\/posts\/54135","targetHints":{"allow":["GET"]}}],"collection":[{"href":"https:\/\/bambapolitica.com.mx\/index.php\/wp-json\/wp\/v2\/posts"}],"about":[{"href":"https:\/\/bambapolitica.com.mx\/index.php\/wp-json\/wp\/v2\/types\/post"}],"author":[{"embeddable":true,"href":"https:\/\/bambapolitica.com.mx\/index.php\/wp-json\/wp\/v2\/users\/3"}],"replies":[{"embeddable":true,"href":"https:\/\/bambapolitica.com.mx\/index.php\/wp-json\/wp\/v2\/comments?post=54135"}],"version-history":[{"count":1,"href":"https:\/\/bambapolitica.com.mx\/index.php\/wp-json\/wp\/v2\/posts\/54135\/revisions"}],"predecessor-version":[{"id":54137,"href":"https:\/\/bambapolitica.com.mx\/index.php\/wp-json\/wp\/v2\/posts\/54135\/revisions\/54137"}],"wp:featuredmedia":[{"embeddable":true,"href":"https:\/\/bambapolitica.com.mx\/index.php\/wp-json\/wp\/v2\/media\/54136"}],"wp:attachment":[{"href":"https:\/\/bambapolitica.com.mx\/index.php\/wp-json\/wp\/v2\/media?parent=54135"}],"wp:term":[{"taxonomy":"category","embeddable":true,"href":"https:\/\/bambapolitica.com.mx\/index.php\/wp-json\/wp\/v2\/categories?post=54135"},{"taxonomy":"post_tag","embeddable":true,"href":"https:\/\/bambapolitica.com.mx\/index.php\/wp-json\/wp\/v2\/tags?post=54135"}],"curies":[{"name":"wp","href":"https:\/\/api.w.org\/{rel}","templated":true}]}}