{"id":54138,"date":"2022-12-17T09:56:00","date_gmt":"2022-12-17T15:56:00","guid":{"rendered":"http:\/\/bambapolitica.com.mx\/?p=54138"},"modified":"2022-12-16T09:58:14","modified_gmt":"2022-12-16T15:58:14","slug":"arturo-zaldivar-cierra-su-mandato-en-la-scjn-acompanado-de-amlo","status":"publish","type":"post","link":"https:\/\/bambapolitica.com.mx\/index.php\/2022\/12\/17\/arturo-zaldivar-cierra-su-mandato-en-la-scjn-acompanado-de-amlo\/","title":{"rendered":"Arturo Zald\u00edvar cierra su mandato en la SCJN acompa\u00f1ado de AMLO"},"content":{"rendered":"\n<p>S\u00e1bado, 17 de diciembre de 2022<\/p>\n\n\n\n<p>Arturo Zald\u00edvar cerrar\u00e1 su mandato presumiendo de haber conseguido acabar con la corrupci\u00f3n y el nepotismo en las instituciones del pa\u00eds.<br>El presidente de la Suprema Corte de Justicia de la Naci\u00f3n (SCJN), Arturo Zald\u00edvar, cerr\u00f3 su mandato presumiendo de haber conseguido acabar con la corrupci\u00f3n y el nepotismo en las instituciones del pa\u00eds, as\u00ed como de haber implementado la igualdad de g\u00e9nero.<br>\u201cEn cuatro a\u00f1os logramos desarticular las redes de corrupci\u00f3n y tr\u00e1fico de influencias que imperaba en la judicatura\u201d, asegur\u00f3 Zald\u00edvar en su cuarto y \u00faltimo informe anual de labores, en el que estuvo acompa\u00f1ado por el presidente mexicano, Andr\u00e9s Manuel L\u00f3pez Obrador.<\/p>\n\n\n\n<p>Lo consigui\u00f3, dijo, mediante la imposici\u00f3n de sanciones ejemplares -este a\u00f1o, a 17 funcionarios- y la prevenci\u00f3n mediante un sistema de denuncias y control del patrimonio de los servidores p\u00fablicos.<br>Asimismo, enfatiz\u00f3 que tambi\u00e9n ha conseguido acabar con el nepotismo, haciendo del m\u00e9rito \u201cel \u00fanico mecanismo de ascenso en el poder judicial\u201d y siempre bajo \u201cuna perspectiva de igualdad\u201d.<\/p>\n\n\n\n<p>De este modo, destac\u00f3, la reforma constitucional y legal de la Justicia llevada a cabo en 2021 permiti\u00f3 el aumento del n\u00famero de mujeres en la carrera judicial, lo que identific\u00f3 como su mayor logro.<\/p>\n\n\n\n<p>Entre sus \u00e9xitos tambi\u00e9n incluy\u00f3 la garant\u00eda de igualdad de oportunidades y derechos para migrantes, ind\u00edgenas, afrodescendientes y personas con discapacidad o diversidad sexual.<\/p>\n\n\n\n<p>\u201cLa igualdad entre mujeres y hombres es una exigencia b\u00e1sica de la justicia, una cuesti\u00f3n de dignidad. Implementamos la estrategia m\u00e1s exitosa de la historia de la instituci\u00f3n para impulsar la igualdad de g\u00e9nero\u201d, incidi\u00f3.<\/p>\n\n\n\n<p>Durante su mandato, especific\u00f3, 273 mujeres fueron nombradas juezas de distrito, lo que supone m\u00e1s del 50 % de las designadas desde 1995. Tambi\u00e9n fueron nombradas 812 magistradas, pasando a significar el 24 por ciento de los miembros de la carrera.<\/p>\n\n\n\n<p>El mandato de Zald\u00edvar, quien ser\u00e1 relevado este mismo diciembre, ha estado marcado por la defensa de los derechos sociales, entre los que destacaron el fallo que declar\u00f3 inconstitucional la prohibici\u00f3n del aborto o la despenalizaci\u00f3n del consumo recreativo de marihuana.<\/p>\n\n\n\n<p>Siempre bajo el foco por su supuesta cercan\u00eda con L\u00f3pez Obrador, el a\u00f1o pasado estuvo tentado a buscar la ampliaci\u00f3n de su mandato hasta 2024, que finalmente rechaz\u00f3 tras la pol\u00e9mica suscitada.<\/p>\n\n\n\n<p>Durante su informe final, el presidente de la Suprema Corte reiter\u00f3 que su prioridad han sido las causas \u201cde los pobres y los oprimidos\u201d, pues \u201cno puede haber una sociedad justa si quienes la conforman no tienen igualdad de derechos\u201d.<\/p>\n\n\n\n<p>En este aspecto, destac\u00f3 las labores realizadas por la Defensor\u00eda del Pueblo en materia de acompa\u00f1amiento a familiares de v\u00edctimas de femenicidios y personas en movilidad o sujetas a protecci\u00f3n internacional, as\u00ed como la liberaci\u00f3n a presos encarcelados de forma injusta.<\/p>\n\n\n\n<p>Zald\u00edvar dijo irse con \u201cla satisfacci\u00f3n del deber cumplido\u201d y remarc\u00f3 que la justicia social \u201ces la deuda pendiente que tenemos con nuestro M\u00e9xico\u201d.<\/p>\n\n\n\n<p>\u201cEntregamos un poder judicial renovado con sentido humano y una justicia comprometida con los derechos de las personas\u201c, expuso.<\/p>\n\n\n\n<p>Sin embargo, lament\u00f3 que el M\u00e9xico que vislumbra \u201ces tal vez una utop\u00eda\u201d.<\/p>\n","protected":false},"excerpt":{"rendered":"<p>S\u00e1bado, 17 de diciembre de 2022 Arturo Zald\u00edvar cerrar\u00e1 su mandato presumiendo de haber conseguido&#8230;<\/p>\n","protected":false},"author":3,"featured_media":54139,"comment_status":"closed","ping_status":"closed","sticky":false,"template":"","format":"standard","meta":{"footnotes":""},"categories":[4],"tags":[],"class_list":["post-54138","post","type-post","status-publish","format-standard","has-post-thumbnail","hentry","category-noticias-del-dia"],"_links":{"self":[{"href":"https:\/\/bambapolitica.com.mx\/index.php\/wp-json\/wp\/v2\/posts\/54138","targetHints":{"allow":["GET"]}}],"collection":[{"href":"https:\/\/bambapolitica.com.mx\/index.php\/wp-json\/wp\/v2\/posts"}],"about":[{"href":"https:\/\/bambapolitica.com.mx\/index.php\/wp-json\/wp\/v2\/types\/post"}],"author":[{"embeddable":true,"href":"https:\/\/bambapolitica.com.mx\/index.php\/wp-json\/wp\/v2\/users\/3"}],"replies":[{"embeddable":true,"href":"https:\/\/bambapolitica.com.mx\/index.php\/wp-json\/wp\/v2\/comments?post=54138"}],"version-history":[{"count":1,"href":"https:\/\/bambapolitica.com.mx\/index.php\/wp-json\/wp\/v2\/posts\/54138\/revisions"}],"predecessor-version":[{"id":54140,"href":"https:\/\/bambapolitica.com.mx\/index.php\/wp-json\/wp\/v2\/posts\/54138\/revisions\/54140"}],"wp:featuredmedia":[{"embeddable":true,"href":"https:\/\/bambapolitica.com.mx\/index.php\/wp-json\/wp\/v2\/media\/54139"}],"wp:attachment":[{"href":"https:\/\/bambapolitica.com.mx\/index.php\/wp-json\/wp\/v2\/media?parent=54138"}],"wp:term":[{"taxonomy":"category","embeddable":true,"href":"https:\/\/bambapolitica.com.mx\/index.php\/wp-json\/wp\/v2\/categories?post=54138"},{"taxonomy":"post_tag","embeddable":true,"href":"https:\/\/bambapolitica.com.mx\/index.php\/wp-json\/wp\/v2\/tags?post=54138"}],"curies":[{"name":"wp","href":"https:\/\/api.w.org\/{rel}","templated":true}]}}