{"id":54141,"date":"2022-12-17T10:01:00","date_gmt":"2022-12-17T16:01:00","guid":{"rendered":"http:\/\/bambapolitica.com.mx\/?p=54141"},"modified":"2022-12-16T10:02:52","modified_gmt":"2022-12-16T16:02:52","slug":"diputados-de-edomex-avalan-en-lo-general-paquete-fiscal-del-2023","status":"publish","type":"post","link":"https:\/\/bambapolitica.com.mx\/index.php\/2022\/12\/17\/diputados-de-edomex-avalan-en-lo-general-paquete-fiscal-del-2023\/","title":{"rendered":"Diputados de Edomex avalan en lo general Paquete Fiscal del 2023"},"content":{"rendered":"\n<p>S\u00e1bado, 17 de diciembre de 2022<\/p>\n\n\n\n<p>Las y los diputados mexiquenses aprobaron en lo general los dict\u00e1menes del Paquete Fiscal para el 2023<br>Las y los diputados mexiquenses aprobaron en lo general los dict\u00e1menes del Paquete Fiscal para el 2023, pero dejaron a salvo algunos art\u00edculos del C\u00f3digo Financiero y el Presupuesto de Egresos que definir\u00e1n este jueves por la ma\u00f1ana para proceder a la votaci\u00f3n en el pleno para turnar los acuerdos al Ejecutivo y puedan entrar en vigor el primero de enero del 2023. El presidente de la Junta de Coordinaci\u00f3n Pol\u00edtica (Jucopo), Maurilio Hern\u00e1ndez Gonz\u00e1lez, indic\u00f3 que todav\u00eda se pueden llevar a cabo algunos ajustes en varios rubros, en raz\u00f3n de los art\u00edculos reservados por la diputada Carmen de la Rosa, quien en general pidi\u00f3 mayores recursos para inversi\u00f3n y menos para gasto corriente.<br>Indic\u00f3 que pr\u00e1cticamente el paquete queda como lo present\u00f3 el Ejecutivo, salvo la eliminaci\u00f3n del impuesto a las plataformas de servicios y algunos ajustes a los montos destinados a diversas dependencias que consideran deben tener m\u00e1s recurso y que este jueves se dar\u00e1n a conocer. \u201cS\u00ed desde luego hay algunos ajustes, particularmente en el caso de \u00e1reas como el Infoem, en el caso de la Fiscal\u00eda, en el caso del Poder Judicial, Derechos Humanos son los ajustes que se vieron, al alza, conforme lo solicitaron\u201d, a\u00f1adi\u00f3. El presidente de la Comisi\u00f3n de Finanzas P\u00fablicas, Francisco Santo Arreola, dijo que al rubro electoral lo dejaron como lo propuso el Ejecutivo. Los principales beneficiados son el campo, la educaci\u00f3n y la salud, con un crecimiento sensible, muy importante. \u201cHay muy pocos movimientos presupuestales, muy menores, muy chiquitas, por ejemplo, creamos un fondo de 50 millones de pesos para que el IGECEM pueda ayudar a los municipios que as\u00ed lo decidan a modernizar sus catastros\u201d, acot\u00f3. En el caso del Tribunal de Justicia Administrativa hay un alza importante, al igual que en la Fiscal\u00eda, para el fortalecimiento de su plena autonom\u00eda administrativa.<\/p>\n","protected":false},"excerpt":{"rendered":"<p>S\u00e1bado, 17 de diciembre de 2022 Las y los diputados mexiquenses aprobaron en lo general&#8230;<\/p>\n","protected":false},"author":3,"featured_media":54142,"comment_status":"closed","ping_status":"closed","sticky":false,"template":"","format":"standard","meta":{"footnotes":""},"categories":[4],"tags":[],"class_list":["post-54141","post","type-post","status-publish","format-standard","has-post-thumbnail","hentry","category-noticias-del-dia"],"_links":{"self":[{"href":"https:\/\/bambapolitica.com.mx\/index.php\/wp-json\/wp\/v2\/posts\/54141","targetHints":{"allow":["GET"]}}],"collection":[{"href":"https:\/\/bambapolitica.com.mx\/index.php\/wp-json\/wp\/v2\/posts"}],"about":[{"href":"https:\/\/bambapolitica.com.mx\/index.php\/wp-json\/wp\/v2\/types\/post"}],"author":[{"embeddable":true,"href":"https:\/\/bambapolitica.com.mx\/index.php\/wp-json\/wp\/v2\/users\/3"}],"replies":[{"embeddable":true,"href":"https:\/\/bambapolitica.com.mx\/index.php\/wp-json\/wp\/v2\/comments?post=54141"}],"version-history":[{"count":1,"href":"https:\/\/bambapolitica.com.mx\/index.php\/wp-json\/wp\/v2\/posts\/54141\/revisions"}],"predecessor-version":[{"id":54143,"href":"https:\/\/bambapolitica.com.mx\/index.php\/wp-json\/wp\/v2\/posts\/54141\/revisions\/54143"}],"wp:featuredmedia":[{"embeddable":true,"href":"https:\/\/bambapolitica.com.mx\/index.php\/wp-json\/wp\/v2\/media\/54142"}],"wp:attachment":[{"href":"https:\/\/bambapolitica.com.mx\/index.php\/wp-json\/wp\/v2\/media?parent=54141"}],"wp:term":[{"taxonomy":"category","embeddable":true,"href":"https:\/\/bambapolitica.com.mx\/index.php\/wp-json\/wp\/v2\/categories?post=54141"},{"taxonomy":"post_tag","embeddable":true,"href":"https:\/\/bambapolitica.com.mx\/index.php\/wp-json\/wp\/v2\/tags?post=54141"}],"curies":[{"name":"wp","href":"https:\/\/api.w.org\/{rel}","templated":true}]}}