{"id":54165,"date":"2022-12-19T08:41:46","date_gmt":"2022-12-19T14:41:46","guid":{"rendered":"http:\/\/bambapolitica.com.mx\/?p=54165"},"modified":"2022-12-19T08:41:50","modified_gmt":"2022-12-19T14:41:50","slug":"yucatan-expone-llegara-al-zocalo-de-la-ciudad-de-mexico-en-2023","status":"publish","type":"post","link":"https:\/\/bambapolitica.com.mx\/index.php\/2022\/12\/19\/yucatan-expone-llegara-al-zocalo-de-la-ciudad-de-mexico-en-2023\/","title":{"rendered":"Yucat\u00e1n Expone llegar\u00e1 al Z\u00f3calo de la Ciudad de M\u00e9xico en 2023"},"content":{"rendered":"\n<p>lunes, 19 de diciembre de 2022<\/p>\n\n\n\n<p>Mauricio Vila y Claudia Sheinbaum firmaron el Convenio de Colaboraci\u00f3n de Desarrollo Tur\u00edstico entre Yucat\u00e1n y Ciudad de M\u00e9xico<br>El programa Yucat\u00e1n Expone llegar\u00e1 al Z\u00f3calo de la Ciudad de M\u00e9xico en mayo para impulsar empleos del sector tur\u00edstico, donde artesanos, productores y emprendedores tendr\u00e1n la oportunidad de ofrecer sus productos.<\/p>\n\n\n\n<p>En el Sal\u00f3n de la Historia de Palacio de Gobierno, el gobernador Mauricio Vila Dosal y la jefa de Gobierno de la Ciudad de M\u00e9xico, Claudia Sheinbaum Pardo, firmaron el Convenio de Colaboraci\u00f3n de Desarrollo Tur\u00edstico entre ambos territorios, para impulsar la promoci\u00f3n de sus atractivos y destinos.<\/p>\n\n\n\n<p>Vila Dosal apunt\u00f3 que se buscar\u00e1 brindar oportunidades a artesanos, artesanas y peque\u00f1os productores de vender sus productos en la capital, lo que retribuir\u00e1 en sus ventas y en posibles relaciones comerciales<br>As\u00ed es como trabajamos de forma conjunta, para seguir transformando este estado para bien, as\u00ed como con este Convenio de Colaboraci\u00f3n, que va en ese camino, en la ruta de tener m\u00e1s turismo, generar m\u00e1s inversiones, crear m\u00e1s empleos, pero, sobre todo, seguir generando las relaciones de solidaridad y fraternidad, que nos hacen ser uno de los mejores estados de todo el pa\u00eds\u201d, manifest\u00f3 el mandatario estatal.<\/p>\n\n\n\n<p>Claudia Sheinbaum Pardo agradeci\u00f3 a Mauricio Vila la posibilidad de unir esfuerzos y la apertura de poner las coincidencias por encima de las diferencias para lograr este tipo de alianzas.<\/p>\n\n\n\n<p>Expositores de diversos municipios vender\u00e1n productos locales, como prendas, entre guayaberas, vestidos, huipiles y blusas, o gastronom\u00eda, con platillos como cochinita pibil, lech\u00f3n, panuchos, empanadas de chaya con queso de bola, sopa de lima y marquesitas, con lo que se impulsa la econom\u00eda de cientos de proyectos de la zona.<\/p>\n\n\n\n<p>En cuanto a los v\u00ednculos entre Yucat\u00e1n y la Ciudad de M\u00e9xico, el gobernador Vila Dosal resalt\u00f3 que en su estado viven 290 mil personas que nacieron fuera de la entidad y que son migrantes, de esos 290 mil, puntualiz\u00f3, el 17% de la poblaci\u00f3n es proveniente de la Ciudad de M\u00e9xico, es decir, alrededor de 50 mil personas; en temas de turismo, de quienes llegan por avi\u00f3n a la entidad, el 92% son nacionales y el 8%, extranjeros, y de ese total, el 50% viene de la capital, en entre 20 y 21 vuelos diarios M\u00e9rida-Ciudad de M\u00e9xico, 143 a la semana con 25 mil asientos y, al mes, casi 110 mil lugares.<\/p>\n\n\n\n<p>El gobernador de Yucat\u00e1n apunt\u00f3 que se buscar\u00e1 en el futuro reforzar las relaciones de amistad con la capital mexicana. Agreg\u00f3 que buscar\u00e1 seguir el rumbo del crecimiento econ\u00f3mico con mejores empleos que lleguen a todos los rincones.<\/p>\n\n\n\n<p>Nuestras zonas arqueol\u00f3gicas est\u00e1n por todo el estado, tenemos 368 kil\u00f3metros de costa, cenotes, haciendas, reservas naturales y, si logramos hacer esa diversificaci\u00f3n de turismo, que permee en otros lugares del estado, vamos a estar ayudando a generar empleos formales, bien pagados, con seguridad social y en que la gente tenga la posibilidad de elevar su calidad de vida\u201d, concluy\u00f3.<\/p>\n\n\n\n<p>El documento establece una cooperaci\u00f3n en materia de desarrollo tur\u00edstico, a trav\u00e9s de acciones de promoci\u00f3n conjunta, con el objetivo de fomentar y consolidar este sector en ambos territorios, como un factor de crecimiento econ\u00f3mico, competitividad, identidad cultural y unidad, motor de crecimiento mutuo.<\/p>\n\n\n\n<p>Como parte de estas acciones, se procurar\u00e1 la cooperaci\u00f3n entre los sectores de esta industria, profundizar lazos de coordinaci\u00f3n y consolidar la cooperaci\u00f3n que conforman los segmentos del ramo en cada entidad, a fin de impulsar todos los atractivos y destinos.<\/p>\n\n\n\n<p>De igual manera, se intercambiar\u00e1n experiencias para desarrollar estrategias y pol\u00edticas sostenibles, junto con indicadores, estad\u00edsticas y buenas pr\u00e1cticas para reforzar la actividad; se participar\u00e1 en exposiciones, congresos o ferias, como parte de la difusi\u00f3n, y se facilitar\u00e1 espacios o recintos p\u00fablicos para eventos o muestras relacionadas.<\/p>\n","protected":false},"excerpt":{"rendered":"<p>lunes, 19 de diciembre de 2022 Mauricio Vila y Claudia Sheinbaum firmaron el Convenio de&#8230;<\/p>\n","protected":false},"author":3,"featured_media":54166,"comment_status":"closed","ping_status":"closed","sticky":false,"template":"","format":"standard","meta":{"footnotes":""},"categories":[4],"tags":[],"class_list":["post-54165","post","type-post","status-publish","format-standard","has-post-thumbnail","hentry","category-noticias-del-dia"],"_links":{"self":[{"href":"https:\/\/bambapolitica.com.mx\/index.php\/wp-json\/wp\/v2\/posts\/54165","targetHints":{"allow":["GET"]}}],"collection":[{"href":"https:\/\/bambapolitica.com.mx\/index.php\/wp-json\/wp\/v2\/posts"}],"about":[{"href":"https:\/\/bambapolitica.com.mx\/index.php\/wp-json\/wp\/v2\/types\/post"}],"author":[{"embeddable":true,"href":"https:\/\/bambapolitica.com.mx\/index.php\/wp-json\/wp\/v2\/users\/3"}],"replies":[{"embeddable":true,"href":"https:\/\/bambapolitica.com.mx\/index.php\/wp-json\/wp\/v2\/comments?post=54165"}],"version-history":[{"count":1,"href":"https:\/\/bambapolitica.com.mx\/index.php\/wp-json\/wp\/v2\/posts\/54165\/revisions"}],"predecessor-version":[{"id":54167,"href":"https:\/\/bambapolitica.com.mx\/index.php\/wp-json\/wp\/v2\/posts\/54165\/revisions\/54167"}],"wp:featuredmedia":[{"embeddable":true,"href":"https:\/\/bambapolitica.com.mx\/index.php\/wp-json\/wp\/v2\/media\/54166"}],"wp:attachment":[{"href":"https:\/\/bambapolitica.com.mx\/index.php\/wp-json\/wp\/v2\/media?parent=54165"}],"wp:term":[{"taxonomy":"category","embeddable":true,"href":"https:\/\/bambapolitica.com.mx\/index.php\/wp-json\/wp\/v2\/categories?post=54165"},{"taxonomy":"post_tag","embeddable":true,"href":"https:\/\/bambapolitica.com.mx\/index.php\/wp-json\/wp\/v2\/tags?post=54165"}],"curies":[{"name":"wp","href":"https:\/\/api.w.org\/{rel}","templated":true}]}}