{"id":54168,"date":"2022-12-19T08:51:12","date_gmt":"2022-12-19T14:51:12","guid":{"rendered":"http:\/\/bambapolitica.com.mx\/?p=54168"},"modified":"2022-12-19T08:51:13","modified_gmt":"2022-12-19T14:51:13","slug":"ine-atento-a-decisiones-de-los-poderes-de-la-union-sobre-el-plan-b-de-la-reforma-electoral","status":"publish","type":"post","link":"https:\/\/bambapolitica.com.mx\/index.php\/2022\/12\/19\/ine-atento-a-decisiones-de-los-poderes-de-la-union-sobre-el-plan-b-de-la-reforma-electoral\/","title":{"rendered":"INE, atento a decisiones de los Poderes de la Uni\u00f3n sobre el \u2018Plan B\u2019 de la reforma electoral"},"content":{"rendered":"\n<p>lunes, 19 de diciembre de 2022<\/p>\n\n\n\n<p>El consejero presidente acus\u00f3 que la mayor\u00eda de Morena recurri\u00f3 a las descalificaciones e incluso a la amenaza<br>El consejero presidente del Instituto Nacional Electoral (INE), Lorenzo C\u00f3rdova, asegur\u00f3 que el organismo continuar\u00e1 con la organizaci\u00f3n de los procesos electorales de 2023 en Coahuila y el Estado de M\u00e9xico mientras avanza el llamado \u2018Plan B\u2018 de la reforma electoral en el Congreso.<\/p>\n\n\n\n<p>Estamos atentos a las decisiones de los tres Poderes de la Uni\u00f3n en relaci\u00f3n con una reforma electoral que ya ha sido votada en ambas C\u00e1maras y que, como hemos dicho, podr\u00eda trastocar profundamente el sistema electoral que M\u00e9xico ha construido y perfeccionado durante m\u00e1s de tres d\u00e9cadas\u201d, expres\u00f3 en su video dominical.<\/p>\n\n\n\n<p>C\u00f3rdova Vianello reiter\u00f3 que \u201chay quienes quieren echar las campa\u00f1as al vuelo\u201d por el INE y la democracia, pero insisti\u00f3: \u201ca esos hay que decirles que guarden las palas porque no va a haber entierro\u201d.<\/p>\n\n\n\n<p>Sentenci\u00f3 que la batalla por la defensa de la democracia y el sistema electoral continuar\u00e1 por medio de todas las v\u00edas jur\u00eddicas que sean necesarias, causa en la que se dijo seguro de que contar\u00e1 con el acompa\u00f1amiento de la ciudadan\u00eda.<\/p>\n\n\n\n<p>Sostuvo que una reforma que toque al \u00e1rbitro electoral es pertinente solo si es para mejorar el sistema y debe estar fundamentada en un diagn\u00f3stico serio y ver\u00eddico.<\/p>\n\n\n\n<p>Lorenzo C\u00f3rdova acus\u00f3 que el \u2018Plan B\u2019 de la reforma electoral no cuenta con ninguna de las condiciones mencionadas y argument\u00f3 que los legisladores que aprobaron la iniciativa emanaron de las elecciones \u201clegales, equitativas y profesionalmente organizadas por el INE en 2018 y 2021\u201d.<\/p>\n\n\n\n<p>Sin embargo, no es de dem\u00f3cratas legislar de espaldas a la ciudadan\u00eda, mayoritear en lugar de buscar consensos y aprobar visiones que claramente violan la autonom\u00eda del INE, afectan gravemente la capacidad del instituto para garantizar elecciones aut\u00e9nticas y ponen en riesgo los principios esenciales de la funci\u00f3n electoral\u201c, manifest\u00f3.<\/p>\n\n\n\n<p>El consejero presidente acus\u00f3 que la mayor\u00eda de Morena recurri\u00f3 a las descalificaciones e incluso a la amenaza hacia los miembros del Consejo del INE durante la aprobaci\u00f3n de las reformas, al igual que lo hicieron 22 gobernadores.<\/p>\n\n\n\n<p>Afortunadamente, una mayor\u00eda de mexicanas y mexicanos conf\u00eda en su \u00f3rgano electoral, en la limpieza de las elecciones y en el trabajo que miles de trabajadoras y trabajadores del INE y de los Organismos P\u00fablicos Locales de todo el pa\u00eds llevan a cabo cotidianamente en todo el pa\u00eds\u201d, expres\u00f3.<\/p>\n","protected":false},"excerpt":{"rendered":"<p>lunes, 19 de diciembre de 2022 El consejero presidente acus\u00f3 que la mayor\u00eda de Morena&#8230;<\/p>\n","protected":false},"author":3,"featured_media":54169,"comment_status":"closed","ping_status":"closed","sticky":false,"template":"","format":"standard","meta":{"footnotes":""},"categories":[4],"tags":[],"class_list":["post-54168","post","type-post","status-publish","format-standard","has-post-thumbnail","hentry","category-noticias-del-dia"],"_links":{"self":[{"href":"https:\/\/bambapolitica.com.mx\/index.php\/wp-json\/wp\/v2\/posts\/54168","targetHints":{"allow":["GET"]}}],"collection":[{"href":"https:\/\/bambapolitica.com.mx\/index.php\/wp-json\/wp\/v2\/posts"}],"about":[{"href":"https:\/\/bambapolitica.com.mx\/index.php\/wp-json\/wp\/v2\/types\/post"}],"author":[{"embeddable":true,"href":"https:\/\/bambapolitica.com.mx\/index.php\/wp-json\/wp\/v2\/users\/3"}],"replies":[{"embeddable":true,"href":"https:\/\/bambapolitica.com.mx\/index.php\/wp-json\/wp\/v2\/comments?post=54168"}],"version-history":[{"count":1,"href":"https:\/\/bambapolitica.com.mx\/index.php\/wp-json\/wp\/v2\/posts\/54168\/revisions"}],"predecessor-version":[{"id":54170,"href":"https:\/\/bambapolitica.com.mx\/index.php\/wp-json\/wp\/v2\/posts\/54168\/revisions\/54170"}],"wp:featuredmedia":[{"embeddable":true,"href":"https:\/\/bambapolitica.com.mx\/index.php\/wp-json\/wp\/v2\/media\/54169"}],"wp:attachment":[{"href":"https:\/\/bambapolitica.com.mx\/index.php\/wp-json\/wp\/v2\/media?parent=54168"}],"wp:term":[{"taxonomy":"category","embeddable":true,"href":"https:\/\/bambapolitica.com.mx\/index.php\/wp-json\/wp\/v2\/categories?post=54168"},{"taxonomy":"post_tag","embeddable":true,"href":"https:\/\/bambapolitica.com.mx\/index.php\/wp-json\/wp\/v2\/tags?post=54168"}],"curies":[{"name":"wp","href":"https:\/\/api.w.org\/{rel}","templated":true}]}}