{"id":54171,"date":"2022-12-19T08:54:45","date_gmt":"2022-12-19T14:54:45","guid":{"rendered":"http:\/\/bambapolitica.com.mx\/?p=54171"},"modified":"2022-12-19T08:54:49","modified_gmt":"2022-12-19T14:54:49","slug":"si-no-adversarios-harian-escandalo-amlo-desea-que-monreal-siga-como-coordinador-de-morena-en-el-senado","status":"publish","type":"post","link":"https:\/\/bambapolitica.com.mx\/index.php\/2022\/12\/19\/si-no-adversarios-harian-escandalo-amlo-desea-que-monreal-siga-como-coordinador-de-morena-en-el-senado\/","title":{"rendered":"Si no, adversarios har\u00edan esc\u00e1ndalo: AMLO desea que Monreal siga como coordinador de Morena en el Senado"},"content":{"rendered":"\n<p>lunes, 19 de diciembre de 2022<\/p>\n\n\n\n<p>L\u00f3pez Obrador dijo no estar a favor de las expulsiones en Morena, tras el voto en contra de Ricardo Monreal al \u201cplan B\u201d de Reforma Electoral.<\/p>\n\n\n\n<p><br>El presidente de M\u00e9xico, Andr\u00e9s Manuel L\u00f3pez Obrador, dese\u00f3 que Ricardo Monreal \u00c1vila siga como coordinador de Morena en el Senado de la Rep\u00fablica, tras su voto en contra del \u201cplan B\u201d de Reforma Electoral la semana pasada.<\/p>\n\n\n\n<p>En la conferencia matutina de Palacio Nacional, L\u00f3pez Obrador apunt\u00f3 que en caso de Monreal \u00c1vila no sea avalado por los senadores del partido guinda, sus adversarios har\u00e1n un \u201cesc\u00e1ndalo\u201d por este hecho.<\/p>\n\n\n\n<p>Yo no estoy a favor de las expulsiones. Los senadores lo deciden, pero a m\u00ed s\u00ed me gustar\u00eda que \u00e9l (Monreal) siguiera, porque si no nuestros adversarios van a hacer un esc\u00e1ndalo\u201d, argument\u00f3.<\/p>\n\n\n\n<p>\u201cQue siga. Pero nada m\u00e1s que cuando vaya a pedir el voto le van a decir \u2018toma tu Champot\u00f3n\u2019\u201d, asever\u00f3 el mandatario mexicano este lunes por la ma\u00f1ana.<\/p>\n\n\n\n<p>Monreal \u00c1vila vot\u00f3 en contra del \u201cplan B\u201d de Reforma Electoral que fue aprobado en lo general la noche del mi\u00e9rcoles y en lo particular este jueves por la ma\u00f1ana en el Senado de la Rep\u00fablica. El segundo senador morenista que vot\u00f3 en contra fue Rafael Espino de la Pe\u00f1a.<\/p>\n\n\n\n<p>\u201cEs un asunto estrictamente personal que no incluye a la bancada, acepto las consecuencias o reacciones que resulten. Se vulnera la Constituci\u00f3n\u201d, dijo el coordinador de los senadores de Morena durante su intervenci\u00f3n en el Pleno la semana pasada, durante la discusi\u00f3n de las reformas a las leyes secundarias.<\/p>\n\n\n\n<p>El voto en contra de Ricardo Monreal fue duramente criticado por aliados de la Cuarta Transformaci\u00f3n, e incluso se habla de que podr\u00eda ser removido como coordinador de los senadores morenistas.<\/p>\n","protected":false},"excerpt":{"rendered":"<p>lunes, 19 de diciembre de 2022 L\u00f3pez Obrador dijo no estar a favor de las&#8230;<\/p>\n","protected":false},"author":3,"featured_media":54172,"comment_status":"closed","ping_status":"closed","sticky":false,"template":"","format":"standard","meta":{"footnotes":""},"categories":[4],"tags":[],"class_list":["post-54171","post","type-post","status-publish","format-standard","has-post-thumbnail","hentry","category-noticias-del-dia"],"_links":{"self":[{"href":"https:\/\/bambapolitica.com.mx\/index.php\/wp-json\/wp\/v2\/posts\/54171","targetHints":{"allow":["GET"]}}],"collection":[{"href":"https:\/\/bambapolitica.com.mx\/index.php\/wp-json\/wp\/v2\/posts"}],"about":[{"href":"https:\/\/bambapolitica.com.mx\/index.php\/wp-json\/wp\/v2\/types\/post"}],"author":[{"embeddable":true,"href":"https:\/\/bambapolitica.com.mx\/index.php\/wp-json\/wp\/v2\/users\/3"}],"replies":[{"embeddable":true,"href":"https:\/\/bambapolitica.com.mx\/index.php\/wp-json\/wp\/v2\/comments?post=54171"}],"version-history":[{"count":1,"href":"https:\/\/bambapolitica.com.mx\/index.php\/wp-json\/wp\/v2\/posts\/54171\/revisions"}],"predecessor-version":[{"id":54173,"href":"https:\/\/bambapolitica.com.mx\/index.php\/wp-json\/wp\/v2\/posts\/54171\/revisions\/54173"}],"wp:featuredmedia":[{"embeddable":true,"href":"https:\/\/bambapolitica.com.mx\/index.php\/wp-json\/wp\/v2\/media\/54172"}],"wp:attachment":[{"href":"https:\/\/bambapolitica.com.mx\/index.php\/wp-json\/wp\/v2\/media?parent=54171"}],"wp:term":[{"taxonomy":"category","embeddable":true,"href":"https:\/\/bambapolitica.com.mx\/index.php\/wp-json\/wp\/v2\/categories?post=54171"},{"taxonomy":"post_tag","embeddable":true,"href":"https:\/\/bambapolitica.com.mx\/index.php\/wp-json\/wp\/v2\/tags?post=54171"}],"curies":[{"name":"wp","href":"https:\/\/api.w.org\/{rel}","templated":true}]}}