{"id":54183,"date":"2022-12-19T09:13:17","date_gmt":"2022-12-19T15:13:17","guid":{"rendered":"http:\/\/bambapolitica.com.mx\/?p=54183"},"modified":"2022-12-19T09:13:19","modified_gmt":"2022-12-19T15:13:19","slug":"asesinan-a-los-hermanos-jorge-y-andres-tirado-y-a-su-tio-en-la-roma-norte","status":"publish","type":"post","link":"https:\/\/bambapolitica.com.mx\/index.php\/2022\/12\/19\/asesinan-a-los-hermanos-jorge-y-andres-tirado-y-a-su-tio-en-la-roma-norte\/","title":{"rendered":"Asesinan a los hermanos Jorge y Andr\u00e9s Tirado y a su t\u00edo en la Roma Norte"},"content":{"rendered":"\n<p>lunes, 19 de diciembre de 2022<\/p>\n\n\n\n<p>La Fiscal\u00eda de la Ciudad de M\u00e9xico investiga el hallazgo de los cuerpos de los hermanos Jorge y Andr\u00e9s Tirado y de su t\u00edo Jos\u00e9 Gonz\u00e1lez<br>Elementos de la Fiscal\u00eda de la Ciudad de M\u00e9xico encontraron en una vivienda de la colonia Roma Norte los cuerpos de tres personas, entre ellas un adulto mayor.<br>El periodista Carlos Jim\u00e9nez confirm\u00f3 que se trata de los hermanos Jorge y Andr\u00e9s Tirado, as\u00ed como su t\u00edo Jos\u00e9 Gonz\u00e1lez. La desaparici\u00f3n de los hermanos se dio a conocer desde el viernes 16 de diciembre.<\/p>\n\n\n\n<p>De acuerdo con reportes, los hermanos viajaban a bordo de un autom\u00f3vil \u00d3nix 2021, color gris oxford, con placas JFS4558 de Jalisco.<br>La desaparici\u00f3n de los hermanos conmocion\u00f3 al medio art\u00edstico, y entre las celebridades que se sumaron a los esfuerzos por localizarlos se encuentran Eduardo \u2018Lalo\u2019 Espa\u00f1a, Amandititita y Johanna Murillo.<br>Andr\u00e9s Tirado, originario de Mazatl\u00e1n, Sinaloa, y de 27 a\u00f1os, resid\u00eda en la Ciudad de M\u00e9xico, donde estudi\u00f3 la carrera de actuaci\u00f3n en la UNAM. Particip\u00f3 en obras como \u2018King Kong Cabaret\u2018, \u2018Palinuro en la escalera o el arte de hacer comedia\u2018, \u2018El Ensayo\u2019, \u2018Rentas congeladas\u2019, entre otras.<br>Jorge Tirado, de 35 a\u00f1os de edad, se dedicaba a la fotograf\u00eda y la m\u00fasica. Era cercano a la cantante Silvana Estrada.<br>La Fiscal\u00eda de la Ciudad de M\u00e9xico inici\u00f3 una carpeta de investigaci\u00f3n por el hallazgo.<\/p>\n","protected":false},"excerpt":{"rendered":"<p>lunes, 19 de diciembre de 2022 La Fiscal\u00eda de la Ciudad de M\u00e9xico investiga el&#8230;<\/p>\n","protected":false},"author":3,"featured_media":54184,"comment_status":"closed","ping_status":"closed","sticky":false,"template":"","format":"standard","meta":{"footnotes":""},"categories":[2],"tags":[],"class_list":["post-54183","post","type-post","status-publish","format-standard","has-post-thumbnail","hentry","category-policiaca"],"_links":{"self":[{"href":"https:\/\/bambapolitica.com.mx\/index.php\/wp-json\/wp\/v2\/posts\/54183","targetHints":{"allow":["GET"]}}],"collection":[{"href":"https:\/\/bambapolitica.com.mx\/index.php\/wp-json\/wp\/v2\/posts"}],"about":[{"href":"https:\/\/bambapolitica.com.mx\/index.php\/wp-json\/wp\/v2\/types\/post"}],"author":[{"embeddable":true,"href":"https:\/\/bambapolitica.com.mx\/index.php\/wp-json\/wp\/v2\/users\/3"}],"replies":[{"embeddable":true,"href":"https:\/\/bambapolitica.com.mx\/index.php\/wp-json\/wp\/v2\/comments?post=54183"}],"version-history":[{"count":1,"href":"https:\/\/bambapolitica.com.mx\/index.php\/wp-json\/wp\/v2\/posts\/54183\/revisions"}],"predecessor-version":[{"id":54185,"href":"https:\/\/bambapolitica.com.mx\/index.php\/wp-json\/wp\/v2\/posts\/54183\/revisions\/54185"}],"wp:featuredmedia":[{"embeddable":true,"href":"https:\/\/bambapolitica.com.mx\/index.php\/wp-json\/wp\/v2\/media\/54184"}],"wp:attachment":[{"href":"https:\/\/bambapolitica.com.mx\/index.php\/wp-json\/wp\/v2\/media?parent=54183"}],"wp:term":[{"taxonomy":"category","embeddable":true,"href":"https:\/\/bambapolitica.com.mx\/index.php\/wp-json\/wp\/v2\/categories?post=54183"},{"taxonomy":"post_tag","embeddable":true,"href":"https:\/\/bambapolitica.com.mx\/index.php\/wp-json\/wp\/v2\/tags?post=54183"}],"curies":[{"name":"wp","href":"https:\/\/api.w.org\/{rel}","templated":true}]}}