{"id":54230,"date":"2022-12-20T07:51:22","date_gmt":"2022-12-20T13:51:22","guid":{"rendered":"http:\/\/bambapolitica.com.mx\/?p=54230"},"modified":"2022-12-20T07:51:25","modified_gmt":"2022-12-20T13:51:25","slug":"layda-sansores-si-violo-suspensiones-al-emitir-comentarios-sobre-alito-y-monreal","status":"publish","type":"post","link":"https:\/\/bambapolitica.com.mx\/index.php\/2022\/12\/20\/layda-sansores-si-violo-suspensiones-al-emitir-comentarios-sobre-alito-y-monreal\/","title":{"rendered":"Layda Sansores s\u00ed viol\u00f3 suspensiones al emitir comentarios sobre \u2018Alito\u2019 y Monreal"},"content":{"rendered":"\n<p>martes, 20 de diciembre de 2022<\/p>\n\n\n\n<p>Sansores debe rectificar sus errores en 24 horas y, en caso de no hacerlo, podr\u00eda ser denunciada ante el Ministerio P\u00fablico de la Federaci\u00f3n<br>Dos jueces federales determinaron que la gobernadora de Campeche, Layda Sansores, viol\u00f3 las suspensiones definitivas que le imped\u00edan realizar comentarios contra el diputado y presidente del PRI, Alejandro Moreno, y el senador Ricardo Monreal.<\/p>\n\n\n\n<p>La gobernadora deber\u00e1 rectificar sus errores en 24 horas y, en caso de no hacerlo, podr\u00eda ser denunciada ante el Ministerio P\u00fablico de la Federaci\u00f3n.<\/p>\n\n\n\n<p>El art\u00edculo 262 de la Ley de Amparos contempla que se impondr\u00e1 una pena de tres a nueve a\u00f1os de c\u00e1rcel, una multa de 50 a 500 d\u00edas y la destituci\u00f3n e inhabilitaci\u00f3n de tres a nueve a\u00f1os para desempe\u00f1ar un cargo p\u00fablico.<\/p>\n\n\n\n<p>En noviembre, la gobernadora Layda Sansores fue denunciada ante el juez d\u00e9cimo primero de Distrito en Materia Administrativa de Ciudad de M\u00e9xico por violar la suspensi\u00f3n definitiva donde se le orden\u00f3 no difundir en redes sociales ataques contra el senador Ricardo Monreal \u00c1vila.<\/p>\n\n\n\n<p>Monreal promovi\u00f3 un incidente de violaci\u00f3n a la medida cautelar en noviembre, sin embargo la gobernadora continu\u00f3 con sus ataques.<\/p>\n\n\n\n<p>Adem\u00e1s denunci\u00f3 a Layda Sansores ante la Fiscal\u00eda General de la Rep\u00fablica (FGR) por los delitos de intervenci\u00f3n de comunicaciones y peculado.<\/p>\n\n\n\n<p>Otro juez tambi\u00e9n orden\u00f3 a Sansores no emitir informaci\u00f3n relacionada con el presidente del PRI, Alejandro Moreno. En ese caso la gobernadora Layda Sansores continu\u00f3 con la difusi\u00f3n de audios y conversamos presuntamente de Moreno.<\/p>\n","protected":false},"excerpt":{"rendered":"<p>martes, 20 de diciembre de 2022 Sansores debe rectificar sus errores en 24 horas y,&#8230;<\/p>\n","protected":false},"author":3,"featured_media":54231,"comment_status":"closed","ping_status":"closed","sticky":false,"template":"","format":"standard","meta":{"footnotes":""},"categories":[4],"tags":[],"class_list":["post-54230","post","type-post","status-publish","format-standard","has-post-thumbnail","hentry","category-noticias-del-dia"],"_links":{"self":[{"href":"https:\/\/bambapolitica.com.mx\/index.php\/wp-json\/wp\/v2\/posts\/54230","targetHints":{"allow":["GET"]}}],"collection":[{"href":"https:\/\/bambapolitica.com.mx\/index.php\/wp-json\/wp\/v2\/posts"}],"about":[{"href":"https:\/\/bambapolitica.com.mx\/index.php\/wp-json\/wp\/v2\/types\/post"}],"author":[{"embeddable":true,"href":"https:\/\/bambapolitica.com.mx\/index.php\/wp-json\/wp\/v2\/users\/3"}],"replies":[{"embeddable":true,"href":"https:\/\/bambapolitica.com.mx\/index.php\/wp-json\/wp\/v2\/comments?post=54230"}],"version-history":[{"count":1,"href":"https:\/\/bambapolitica.com.mx\/index.php\/wp-json\/wp\/v2\/posts\/54230\/revisions"}],"predecessor-version":[{"id":54232,"href":"https:\/\/bambapolitica.com.mx\/index.php\/wp-json\/wp\/v2\/posts\/54230\/revisions\/54232"}],"wp:featuredmedia":[{"embeddable":true,"href":"https:\/\/bambapolitica.com.mx\/index.php\/wp-json\/wp\/v2\/media\/54231"}],"wp:attachment":[{"href":"https:\/\/bambapolitica.com.mx\/index.php\/wp-json\/wp\/v2\/media?parent=54230"}],"wp:term":[{"taxonomy":"category","embeddable":true,"href":"https:\/\/bambapolitica.com.mx\/index.php\/wp-json\/wp\/v2\/categories?post=54230"},{"taxonomy":"post_tag","embeddable":true,"href":"https:\/\/bambapolitica.com.mx\/index.php\/wp-json\/wp\/v2\/tags?post=54230"}],"curies":[{"name":"wp","href":"https:\/\/api.w.org\/{rel}","templated":true}]}}