{"id":54233,"date":"2022-12-20T08:02:42","date_gmt":"2022-12-20T14:02:42","guid":{"rendered":"http:\/\/bambapolitica.com.mx\/?p=54233"},"modified":"2022-12-20T08:02:45","modified_gmt":"2022-12-20T14:02:45","slug":"osorio-chong-denuncia-golpe-a-la-voluntad-de-la-militancia-del-pri","status":"publish","type":"post","link":"https:\/\/bambapolitica.com.mx\/index.php\/2022\/12\/20\/osorio-chong-denuncia-golpe-a-la-voluntad-de-la-militancia-del-pri\/","title":{"rendered":"Osorio Chong denuncia \u2018golpe a la voluntad de la militancia\u2019 del PRI"},"content":{"rendered":"\n<p>martes, 20 de diciembre de 2022<\/p>\n\n\n\n<p>Asegura Osorio Chong que Alejandro Moreno pretende ampliar su periodo en el CEN PRI; denuncia golpe a la voluntad de la militancia del partido.<\/p>\n\n\n\n<p><br>El senador Miguel \u00c1ngel Osorio Chong se\u00f1al\u00f3 que el Partido Revolucionario Institucional (PRI) necesita unidad y conciliaci\u00f3n \u201cno reformas a la medida de una persona\u201d.<\/p>\n\n\n\n<p><br>Esto en respuesta a las reformas planteadas por el presidente del CEN del partido, Alejandro Moreno, entre las que destacan modificaciones al articulo 83 fracci\u00f3n 37 de estatutos.<br>El inter\u00e9s superior del partido debe estar por encima de los intereses de la dirigencia\u201d, destac\u00f3 Osorio Chong en Twitter.<\/p>\n\n\n\n<p>Afirm\u00f3 que el presidente del PRI, Alejandro Moreno, convoc\u00f3 al Consejo Pol\u00edtico Nacional para buscar una pr\u00f3rroga en su periodo como dirigente.<\/p>\n\n\n\n<p>Ahora que el inicio del proceso electoral pasar\u00e1 de septiembre a noviembre, pretende ampliar su periodo m\u00e1s all\u00e1 del 18 de agosto de 2023. MORENA tuvo su #ReformaElectoral a modo y Alito quiere la suya\u201d, a\u00f1adi\u00f3 Osorio Chong.<\/p>\n\n\n\n<p>El senador Osorio Chong inform\u00f3 que no asistir\u00e1 al Consejo Pol\u00edtico Nacional de este lunes porque no convalidar\u00e1 \u201ceste golpe a la voluntad de la militancia; por el contrario, acudir\u00e9 a las instancias legales correspondientes\u201d.<\/p>\n\n\n\n<p>Hago un llamado a las y los priistas a alzar la voz contra este atropello. Y a que, todas y todos, rescatemos y reconstruyamos al PRI como el partido plural, democr\u00e1tico y abierto que requiere nuestro pa\u00eds\u201d, concluy\u00f3 Osorio Chong.<\/p>\n","protected":false},"excerpt":{"rendered":"<p>martes, 20 de diciembre de 2022 Asegura Osorio Chong que Alejandro Moreno pretende ampliar su&#8230;<\/p>\n","protected":false},"author":3,"featured_media":54234,"comment_status":"closed","ping_status":"closed","sticky":false,"template":"","format":"standard","meta":{"footnotes":""},"categories":[4],"tags":[],"class_list":["post-54233","post","type-post","status-publish","format-standard","has-post-thumbnail","hentry","category-noticias-del-dia"],"_links":{"self":[{"href":"https:\/\/bambapolitica.com.mx\/index.php\/wp-json\/wp\/v2\/posts\/54233","targetHints":{"allow":["GET"]}}],"collection":[{"href":"https:\/\/bambapolitica.com.mx\/index.php\/wp-json\/wp\/v2\/posts"}],"about":[{"href":"https:\/\/bambapolitica.com.mx\/index.php\/wp-json\/wp\/v2\/types\/post"}],"author":[{"embeddable":true,"href":"https:\/\/bambapolitica.com.mx\/index.php\/wp-json\/wp\/v2\/users\/3"}],"replies":[{"embeddable":true,"href":"https:\/\/bambapolitica.com.mx\/index.php\/wp-json\/wp\/v2\/comments?post=54233"}],"version-history":[{"count":1,"href":"https:\/\/bambapolitica.com.mx\/index.php\/wp-json\/wp\/v2\/posts\/54233\/revisions"}],"predecessor-version":[{"id":54235,"href":"https:\/\/bambapolitica.com.mx\/index.php\/wp-json\/wp\/v2\/posts\/54233\/revisions\/54235"}],"wp:featuredmedia":[{"embeddable":true,"href":"https:\/\/bambapolitica.com.mx\/index.php\/wp-json\/wp\/v2\/media\/54234"}],"wp:attachment":[{"href":"https:\/\/bambapolitica.com.mx\/index.php\/wp-json\/wp\/v2\/media?parent=54233"}],"wp:term":[{"taxonomy":"category","embeddable":true,"href":"https:\/\/bambapolitica.com.mx\/index.php\/wp-json\/wp\/v2\/categories?post=54233"},{"taxonomy":"post_tag","embeddable":true,"href":"https:\/\/bambapolitica.com.mx\/index.php\/wp-json\/wp\/v2\/tags?post=54233"}],"curies":[{"name":"wp","href":"https:\/\/api.w.org\/{rel}","templated":true}]}}