{"id":54239,"date":"2022-12-20T08:10:09","date_gmt":"2022-12-20T14:10:09","guid":{"rendered":"http:\/\/bambapolitica.com.mx\/?p=54239"},"modified":"2022-12-20T08:10:12","modified_gmt":"2022-12-20T14:10:12","slug":"logra-alejandro-moreno-reforma-que-prolongaria-su-gestion-al-frente-del-pri","status":"publish","type":"post","link":"https:\/\/bambapolitica.com.mx\/index.php\/2022\/12\/20\/logra-alejandro-moreno-reforma-que-prolongaria-su-gestion-al-frente-del-pri\/","title":{"rendered":"Logra Alejandro Moreno reforma que prolongar\u00eda su gesti\u00f3n al frente del PRI"},"content":{"rendered":"\n<p>martes, 20 de diciembre de 2022<\/p>\n\n\n\n<p>Consejo del PRI aproba diversas modificaciones a su marco normativo y Alejandro Moreno, podr\u00e1 prolongar su gesti\u00f3n hasta 2024.<\/p>\n\n\n\n<p><br>Este lunes el Consejo del PRI aprob\u00f3 diversas modificaciones a su marco normativo y el presidente del partido, Alejandro Moreno, podr\u00e1 prolongar su gesti\u00f3n al frente del tricolor hasta 2024.<\/p>\n\n\n\n<p>Las reformas al interior del Partido Revolucionario Institucional (PRI) fueron respaldadas con 4458 votos a favor y cero en contra.<\/p>\n\n\n\n<p>De acuerdo con Alejandro Moreno, el objetivo de estas modificaciones fue fortalecer la organizaci\u00f3n del PRI.<\/p>\n\n\n\n<p>\u201cLos priistas estamos avanzando concentrados en conquistar los triunfos de Coahuila y el Estado de M\u00e9xico. Nada ni nadie har\u00e1 que nos distraigamos del mayor reto que enfrentamos. \u00a1Vamos fuertes para ganar!\u201d, se\u00f1al\u00f3 en Twitter.<br>OSORIO CHONG Y RUIZ MASSIEU CUESTIONAN M\u00c9TODOS DE ALEJANDRO MORENO<\/p>\n\n\n\n<p>La senadores pri\u00edsta, Claudia Ruiz Massieu, cuesti\u00f3 en su cuenta de Twitter a Moreno, quien hab\u00eda declarado que no buscar\u00eda alargar su periodo al frente de la Presidencia del PRI.<br>El exsecretario de Gobernaci\u00f3n y coordinador de la bancada pri\u00edsta en el Senado, Miguel \u00c1ngel Osorio Chong, hizo un llamado para evitar \u201ceste atropello\u201d.<\/p>\n\n\n\n<p>\u201cHago un llamado a las y los priistas a alzar la voz contra este atropello. Y a que, todas y todos, rescatemos y reconstruyamos al PRI como el partido plural, democr\u00e1tico y abierto que requiere nuestro pa\u00eds\u201d.<\/p>\n","protected":false},"excerpt":{"rendered":"<p>martes, 20 de diciembre de 2022 Consejo del PRI aproba diversas modificaciones a su marco&#8230;<\/p>\n","protected":false},"author":3,"featured_media":54240,"comment_status":"closed","ping_status":"closed","sticky":false,"template":"","format":"standard","meta":{"footnotes":""},"categories":[4],"tags":[],"class_list":["post-54239","post","type-post","status-publish","format-standard","has-post-thumbnail","hentry","category-noticias-del-dia"],"_links":{"self":[{"href":"https:\/\/bambapolitica.com.mx\/index.php\/wp-json\/wp\/v2\/posts\/54239","targetHints":{"allow":["GET"]}}],"collection":[{"href":"https:\/\/bambapolitica.com.mx\/index.php\/wp-json\/wp\/v2\/posts"}],"about":[{"href":"https:\/\/bambapolitica.com.mx\/index.php\/wp-json\/wp\/v2\/types\/post"}],"author":[{"embeddable":true,"href":"https:\/\/bambapolitica.com.mx\/index.php\/wp-json\/wp\/v2\/users\/3"}],"replies":[{"embeddable":true,"href":"https:\/\/bambapolitica.com.mx\/index.php\/wp-json\/wp\/v2\/comments?post=54239"}],"version-history":[{"count":1,"href":"https:\/\/bambapolitica.com.mx\/index.php\/wp-json\/wp\/v2\/posts\/54239\/revisions"}],"predecessor-version":[{"id":54241,"href":"https:\/\/bambapolitica.com.mx\/index.php\/wp-json\/wp\/v2\/posts\/54239\/revisions\/54241"}],"wp:featuredmedia":[{"embeddable":true,"href":"https:\/\/bambapolitica.com.mx\/index.php\/wp-json\/wp\/v2\/media\/54240"}],"wp:attachment":[{"href":"https:\/\/bambapolitica.com.mx\/index.php\/wp-json\/wp\/v2\/media?parent=54239"}],"wp:term":[{"taxonomy":"category","embeddable":true,"href":"https:\/\/bambapolitica.com.mx\/index.php\/wp-json\/wp\/v2\/categories?post=54239"},{"taxonomy":"post_tag","embeddable":true,"href":"https:\/\/bambapolitica.com.mx\/index.php\/wp-json\/wp\/v2\/tags?post=54239"}],"curies":[{"name":"wp","href":"https:\/\/api.w.org\/{rel}","templated":true}]}}