{"id":54242,"date":"2022-12-20T08:20:34","date_gmt":"2022-12-20T14:20:34","guid":{"rendered":"http:\/\/bambapolitica.com.mx\/?p=54242"},"modified":"2022-12-20T08:20:37","modified_gmt":"2022-12-20T14:20:37","slug":"familias-de-ocosingo-chiapas-denuncian-violacion-a-dd-hh-y-desplazamiento-forzado","status":"publish","type":"post","link":"https:\/\/bambapolitica.com.mx\/index.php\/2022\/12\/20\/familias-de-ocosingo-chiapas-denuncian-violacion-a-dd-hh-y-desplazamiento-forzado\/","title":{"rendered":"Familias de Ocosingo, Chiapas, denuncian violaci\u00f3n a DD.HH. y desplazamiento forzado"},"content":{"rendered":"\n<p>martes, 20 de diciembre de 2022<\/p>\n\n\n\n<p>Organizaciones y cinco familias de Nueva Palestina, en Ocosingo, Chiapas, se manifestaron a un a\u00f1o de haber sufrido desplazamiento forzado.<\/p>\n\n\n\n<p><br>Organizaciones civiles y cinco familias de la comunidad Nueva Palestina del municipio de Ocosingo, en el sure\u00f1o estado mexicano de Chiapas, se manifestaron frente al palacio de justicia de Los Altos tras un a\u00f1o de haber sufrido desplazamiento forzado.<\/p>\n\n\n\n<p>Los inconformes denunciaron que hace un a\u00f1o sufrieron desplazamiento forzado y las autoridades no han dado respuesta ni encarcelado a los responsables.<\/p>\n\n\n\n<p>En conferencia de prensa, las familias afectadas, en compa\u00f1\u00eda del Equipo Jur\u00eddico Solidario de la Pastoral Social de la Di\u00f3cesis de San Crist\u00f3bal de las Casas y del Centro de Derechos Humanos Fray Bartolom\u00e9 de las Casas, dieron a conocer los hechos ocurridos los pasados 15 y 16 de diciembre de 2021.<br>Recordaron que esos d\u00edas resultaron violentados los derechos humanos de 34 personas, en su mayor\u00eda mujeres, entre ellas 24 ni\u00f1as, ni\u00f1os y adolescentes tzeltales.<\/p>\n\n\n\n<p>Moctezuma Bersa\u00edn Velasco Aguilar, una de las v\u00edctimas, relat\u00f3 a EFE c\u00f3mo la familia entera fue v\u00edctima de persecuci\u00f3n, hostigamiento, intimidaci\u00f3n y cacer\u00eda humana provocada por autoridades, polic\u00edas y civiles armados de la comunidad de Nueva Palestina.<\/p>\n\n\n\n<p>Detall\u00f3 que su padre, Bersa\u00edn Velasco Garc\u00eda, fue torturado y privado de la libertad y se encuentra en el Centro Estatal de Reinserci\u00f3n Social para Sentenciados n\u00famero 16 de Ocosingo, por ser defensor de derechos humanos en su comunidad.<\/p>\n\n\n\n<p>Agreg\u00f3 que su cu\u00f1ado, Fredy G\u00f3mez Santiz, fue capturado y hasta el d\u00eda de hoy contin\u00faa desaparecido, por lo que su mujer lo busca y espera respuesta de las autoridades a la denuncia que interpuso ante la Fiscal\u00eda de Desaparici\u00f3n Forzada.<\/p>\n\n\n\n<p>\u201cHemos dado testimonio de toda la familia, hemos interpuesto denuncias en la Comisi\u00f3n Estatal, en la Comisi\u00f3n Nacional de Derechos Humanos e interpuesto una denuncia en la Fiscal\u00eda de Desaparici\u00f3n Forzada por la desaparici\u00f3n de Fredy G\u00f3mez Santiz\u201d, dijo.<\/p>\n\n\n\n<p>El joven dijo que \u201cpr\u00e1cticamente hasta ahora no hay ninguna respuesta a favor de la familia\u201d.<\/p>\n\n\n\n<p>Con pancartas, lonas y consignas de justicia exigieron se cumplan sus peticiones y finalmente hicieron entrega de un documento a personal de la fiscal\u00eda ind\u00edgena.<\/p>\n","protected":false},"excerpt":{"rendered":"<p>martes, 20 de diciembre de 2022 Organizaciones y cinco familias de Nueva Palestina, en Ocosingo,&#8230;<\/p>\n","protected":false},"author":3,"featured_media":54243,"comment_status":"closed","ping_status":"closed","sticky":false,"template":"","format":"standard","meta":{"footnotes":""},"categories":[4],"tags":[],"class_list":["post-54242","post","type-post","status-publish","format-standard","has-post-thumbnail","hentry","category-noticias-del-dia"],"_links":{"self":[{"href":"https:\/\/bambapolitica.com.mx\/index.php\/wp-json\/wp\/v2\/posts\/54242","targetHints":{"allow":["GET"]}}],"collection":[{"href":"https:\/\/bambapolitica.com.mx\/index.php\/wp-json\/wp\/v2\/posts"}],"about":[{"href":"https:\/\/bambapolitica.com.mx\/index.php\/wp-json\/wp\/v2\/types\/post"}],"author":[{"embeddable":true,"href":"https:\/\/bambapolitica.com.mx\/index.php\/wp-json\/wp\/v2\/users\/3"}],"replies":[{"embeddable":true,"href":"https:\/\/bambapolitica.com.mx\/index.php\/wp-json\/wp\/v2\/comments?post=54242"}],"version-history":[{"count":1,"href":"https:\/\/bambapolitica.com.mx\/index.php\/wp-json\/wp\/v2\/posts\/54242\/revisions"}],"predecessor-version":[{"id":54244,"href":"https:\/\/bambapolitica.com.mx\/index.php\/wp-json\/wp\/v2\/posts\/54242\/revisions\/54244"}],"wp:featuredmedia":[{"embeddable":true,"href":"https:\/\/bambapolitica.com.mx\/index.php\/wp-json\/wp\/v2\/media\/54243"}],"wp:attachment":[{"href":"https:\/\/bambapolitica.com.mx\/index.php\/wp-json\/wp\/v2\/media?parent=54242"}],"wp:term":[{"taxonomy":"category","embeddable":true,"href":"https:\/\/bambapolitica.com.mx\/index.php\/wp-json\/wp\/v2\/categories?post=54242"},{"taxonomy":"post_tag","embeddable":true,"href":"https:\/\/bambapolitica.com.mx\/index.php\/wp-json\/wp\/v2\/tags?post=54242"}],"curies":[{"name":"wp","href":"https:\/\/api.w.org\/{rel}","templated":true}]}}