{"id":54245,"date":"2022-12-20T08:32:07","date_gmt":"2022-12-20T14:32:07","guid":{"rendered":"http:\/\/bambapolitica.com.mx\/?p=54245"},"modified":"2022-12-20T08:32:09","modified_gmt":"2022-12-20T14:32:09","slug":"x-cumbre-de-lideres-de-america-del-norte-sera-el-10-de-enero-en-cdmx","status":"publish","type":"post","link":"https:\/\/bambapolitica.com.mx\/index.php\/2022\/12\/20\/x-cumbre-de-lideres-de-america-del-norte-sera-el-10-de-enero-en-cdmx\/","title":{"rendered":"X Cumbre de L\u00edderes de Am\u00e9rica del Norte ser\u00e1 el 10 de enero en CDMX"},"content":{"rendered":"\n<p>martes, 20 de diciembre de 2022<\/p>\n\n\n\n<p>El canciller Marcelo Ebrard dio a conocer la agenda de la X Cumbre de L\u00edderes de Am\u00e9rica del Norte, que ser\u00e1 en Palacio Nacional.<\/p>\n\n\n\n<p><br>La X Cumbre de L\u00edderes de Am\u00e9rica del Norte, tambi\u00e9n conocida como de \u201clos tres amigos\u201c, se llevar\u00e1 cabo el pr\u00f3ximo martes 10 de de enero en Palacio Nacional de la Ciudad de M\u00e9xico.<\/p>\n\n\n\n<p><br>Lo anterior fue confirmado por el canciller mexicano Marcelo Ebrard en la conferencia matutina de Palacio Nacional, donde dio a conocer la agenda que tendr\u00e1n ese d\u00eda los presidentes de Estados Unidos y M\u00e9xico, Joe Biden y Andr\u00e9s Manuel L\u00f3pez Obrador, junto con el primer ministro de Canad\u00e1, Justin Trudeau.<\/p>\n\n\n\n<p>Para informar sobre la d\u00e9cima cumbre de l\u00edderes de Am\u00e9rica del Norte, que se llevar\u00e1 acabo el 10 de enero de 2023, la sede ser\u00e1 el Palacio Nacional, en la Ciudad de M\u00e9xico\u201d, apunt\u00f3 esta ma\u00f1ana.<\/p>\n\n\n\n<p>Tambi\u00e9n de cara a a dicha cita se tienen con templados encuentros bilaterales en el marco de dicho evento.<\/p>\n\n\n\n<p>Ebrard Casaub\u00f3n apunt\u00f3 que la Cumbre de L\u00edderes de Am\u00e9rica del Norte se realizar\u00e1 en torno a sis pilares: diversidad, equidad e inclusi\u00f3n; cambio clim\u00e1tico y medio ambiente; competitividad; migraci\u00f3n y desarrollo; as\u00ed como salud y seguridad.<\/p>\n\n\n\n<p>La \u00faltima Cumbre de L\u00edderes de Am\u00e9rica del Norte ocurri\u00f3 en noviembre de 2021 en Washington, donde los tres mandatarios norteamericanos abordaron la pandemia de COVID-19, la migraci\u00f3n y el Tratado entre M\u00e9xico, Estados Unidos y Canad\u00e1 (T-MEC).<\/p>\n\n\n\n<p>Dicha reuni\u00f3n representar\u00e1 la primera visita oficial del presidente Biden a M\u00e9xico y la primera del canadiense Trudeau en la Administraci\u00f3n de L\u00f3pez Obrador.<\/p>\n\n\n\n<p>El presidente L\u00f3pez Obrador tambi\u00e9n prev\u00e9 encuentros bilaterales con Biden, el 9 de enero, y Trudeau.<\/p>\n\n\n\n<p>En la reuni\u00f3n del 9 de enero, L\u00f3pez Obrador y Biden plantear\u00e1n acciones para fortalecer las relaciones comerciales y acelerar los proyectos de infraestructura fronteriza. Se abordar\u00e1n temas esenciales co o migraci\u00f3n, movilidad laboral, comercio seguridad, educaci\u00f3n, cultura y cambio clim\u00e1tico, as\u00ed como la presentaci\u00f3n del Plan Sonora.<\/p>\n\n\n\n<p>El mandatario mexicano se reunir\u00e1 con el primer ministro Trudeau, donde conversar\u00e1n acerca de la estrategia de ambos Gobiernos e favor de los pueblos ind\u00edgenas y comunidades hist\u00f3ricamente marginadas, la promoci\u00f3n de la inversi\u00f3n y el trabajo conjunto en el hemisferio.<\/p>\n\n\n\n<p>Adem\u00e1s, se presentar\u00e1n los intereses nacionales al primer ministro Trudeau con el objetivo de encontrar nuevas \u00e1reas de colaboraci\u00f3n.<\/p>\n","protected":false},"excerpt":{"rendered":"<p>martes, 20 de diciembre de 2022 El canciller Marcelo Ebrard dio a conocer la agenda&#8230;<\/p>\n","protected":false},"author":3,"featured_media":54246,"comment_status":"closed","ping_status":"closed","sticky":false,"template":"","format":"standard","meta":{"footnotes":""},"categories":[4],"tags":[],"class_list":["post-54245","post","type-post","status-publish","format-standard","has-post-thumbnail","hentry","category-noticias-del-dia"],"_links":{"self":[{"href":"https:\/\/bambapolitica.com.mx\/index.php\/wp-json\/wp\/v2\/posts\/54245","targetHints":{"allow":["GET"]}}],"collection":[{"href":"https:\/\/bambapolitica.com.mx\/index.php\/wp-json\/wp\/v2\/posts"}],"about":[{"href":"https:\/\/bambapolitica.com.mx\/index.php\/wp-json\/wp\/v2\/types\/post"}],"author":[{"embeddable":true,"href":"https:\/\/bambapolitica.com.mx\/index.php\/wp-json\/wp\/v2\/users\/3"}],"replies":[{"embeddable":true,"href":"https:\/\/bambapolitica.com.mx\/index.php\/wp-json\/wp\/v2\/comments?post=54245"}],"version-history":[{"count":1,"href":"https:\/\/bambapolitica.com.mx\/index.php\/wp-json\/wp\/v2\/posts\/54245\/revisions"}],"predecessor-version":[{"id":54247,"href":"https:\/\/bambapolitica.com.mx\/index.php\/wp-json\/wp\/v2\/posts\/54245\/revisions\/54247"}],"wp:featuredmedia":[{"embeddable":true,"href":"https:\/\/bambapolitica.com.mx\/index.php\/wp-json\/wp\/v2\/media\/54246"}],"wp:attachment":[{"href":"https:\/\/bambapolitica.com.mx\/index.php\/wp-json\/wp\/v2\/media?parent=54245"}],"wp:term":[{"taxonomy":"category","embeddable":true,"href":"https:\/\/bambapolitica.com.mx\/index.php\/wp-json\/wp\/v2\/categories?post=54245"},{"taxonomy":"post_tag","embeddable":true,"href":"https:\/\/bambapolitica.com.mx\/index.php\/wp-json\/wp\/v2\/tags?post=54245"}],"curies":[{"name":"wp","href":"https:\/\/api.w.org\/{rel}","templated":true}]}}