{"id":54251,"date":"2022-12-20T09:47:54","date_gmt":"2022-12-20T15:47:54","guid":{"rendered":"http:\/\/bambapolitica.com.mx\/?p=54251"},"modified":"2022-12-20T09:47:58","modified_gmt":"2022-12-20T15:47:58","slug":"mexico-contraera-deuda-por-unica-ocasion-para-plantas-de-energia-solar-amlo","status":"publish","type":"post","link":"https:\/\/bambapolitica.com.mx\/index.php\/2022\/12\/20\/mexico-contraera-deuda-por-unica-ocasion-para-plantas-de-energia-solar-amlo\/","title":{"rendered":"M\u00e9xico contraer\u00e1 deuda por &#8220;\u00fanica ocasi\u00f3n&#8221; para plantas de energ\u00eda solar: AMLO"},"content":{"rendered":"\n<p>martes, 20 de diciembre de 2022<\/p>\n\n\n\n<p>El presidente explic\u00f3 que las plantas ser\u00e1n operadas por la CFE y se acord\u00f3 que en su construcci\u00f3n solo puedan participar empresas mexicanas y estadounidenses y podr\u00edan a\u00f1adirse de Canad\u00e1.<br>El presidente de M\u00e9xico, Andr\u00e9s Manuel L\u00f3pez Obrador inform\u00f3 que por \u00fanica ocasi\u00f3n su gobierno contratar\u00e1 deuda a trav\u00e9s de cr\u00e9ditos a tasas bajas otorgados por el gobierno de Estados Unidos para financiar las plantas de producci\u00f3n de energ\u00eda solar contempladas en el Plan Sonora.<\/p>\n\n\n\n<p>En la conferencia ma\u00f1anera de Palacio Nacional explic\u00f3 que las plantas ser\u00e1n operadas por la Comisi\u00f3n Federal de Electricidad (CFE) y se acord\u00f3 que en su construcci\u00f3n solo puedan participar empresas mexicanas y estadounidenses y podr\u00edan a\u00f1adirse de Canad\u00e1.<br>&#8220;En el caso de la industria el\u00e9ctrica decidieron que van a ayudar, cr\u00e9ditos a tasas bajas, se trata de producir energ\u00eda limpia a nosotros nos importa mucho. Aceptamos el que se puedan adquirir estos o contratar estos cr\u00e9ditos porque son para el desarrollo futuro del pa\u00eds con dos condiciones de parte nuestra&#8221;, dijo.<\/p>\n\n\n\n<p>L\u00f3pez Obrador explic\u00f3 que se aceptaron los cr\u00e9ditos porque son en el marco de la defensa del medio ambiente y el combate al cambio clim\u00e1tico.<\/p>\n\n\n\n<p>Y dej\u00f3 en claro que la deuda no la asumir\u00eda la CFE sino que ser\u00eda controlada por la Secretar\u00eda de Hacienda.<\/p>\n\n\n\n<p>&#8220;Les dije con toda claridad, adem\u00e1s hay confianza con el se\u00f1or Kerry que nosotros no quer\u00edamos establecer ning\u00fan compromiso ni contratar deuda, no lo hemos hecho, que solamente tomar\u00edamos esa decisi\u00f3n si se trataba del Plan Sonora, porque es el futuro del pa\u00eds, es la gran reconversi\u00f3n industrial&#8221;, subray\u00f3.<\/p>\n\n\n\n<p>Y es que el Plan Sonora contempla la construcci\u00f3n de la planta de energ\u00eda solar m\u00e1s grande de Am\u00e9rica Latina que se ubicar\u00e1 en Puerto Pe\u00f1asco, pero, adem\u00e1s, se tiene planeado construir otras cinco similares.<\/p>\n\n\n\n<p>Y es que M\u00e9xico busca aprovechar la frontera de Sonora con Arizona que se ha convertido en el centro de Estados Unidos para la construcci\u00f3n de chips conductores para impulsar la industria automotriz.<\/p>\n\n\n\n<p>&#8220;Tambi\u00e9n como sabemos, Sonora es productora de cobre, que se necesita para la fabricaci\u00f3n de veh\u00edculos, y se est\u00e1 pensando en promover la creaci\u00f3n de plantas de construcci\u00f3n de autom\u00f3viles, automotrices para construir autom\u00f3viles el\u00e9ctricos en Sonora&#8221;, remarc\u00f3.<\/p>\n\n\n\n<p>Record\u00f3 que esta estrategia ir\u00eda acompa\u00f1ada de una estrategia de log\u00edstica, mejoramiento de aduanas, rehabilitaci\u00f3n de v\u00edas de ferrocarril y la construcci\u00f3n de carreteras para mejorar la conexi\u00f3n con el Puerto de Guaymas.<\/p>\n","protected":false},"excerpt":{"rendered":"<p>martes, 20 de diciembre de 2022 El presidente explic\u00f3 que las plantas ser\u00e1n operadas por&#8230;<\/p>\n","protected":false},"author":3,"featured_media":54252,"comment_status":"closed","ping_status":"closed","sticky":false,"template":"","format":"standard","meta":{"footnotes":""},"categories":[4],"tags":[],"class_list":["post-54251","post","type-post","status-publish","format-standard","has-post-thumbnail","hentry","category-noticias-del-dia"],"_links":{"self":[{"href":"https:\/\/bambapolitica.com.mx\/index.php\/wp-json\/wp\/v2\/posts\/54251","targetHints":{"allow":["GET"]}}],"collection":[{"href":"https:\/\/bambapolitica.com.mx\/index.php\/wp-json\/wp\/v2\/posts"}],"about":[{"href":"https:\/\/bambapolitica.com.mx\/index.php\/wp-json\/wp\/v2\/types\/post"}],"author":[{"embeddable":true,"href":"https:\/\/bambapolitica.com.mx\/index.php\/wp-json\/wp\/v2\/users\/3"}],"replies":[{"embeddable":true,"href":"https:\/\/bambapolitica.com.mx\/index.php\/wp-json\/wp\/v2\/comments?post=54251"}],"version-history":[{"count":1,"href":"https:\/\/bambapolitica.com.mx\/index.php\/wp-json\/wp\/v2\/posts\/54251\/revisions"}],"predecessor-version":[{"id":54253,"href":"https:\/\/bambapolitica.com.mx\/index.php\/wp-json\/wp\/v2\/posts\/54251\/revisions\/54253"}],"wp:featuredmedia":[{"embeddable":true,"href":"https:\/\/bambapolitica.com.mx\/index.php\/wp-json\/wp\/v2\/media\/54252"}],"wp:attachment":[{"href":"https:\/\/bambapolitica.com.mx\/index.php\/wp-json\/wp\/v2\/media?parent=54251"}],"wp:term":[{"taxonomy":"category","embeddable":true,"href":"https:\/\/bambapolitica.com.mx\/index.php\/wp-json\/wp\/v2\/categories?post=54251"},{"taxonomy":"post_tag","embeddable":true,"href":"https:\/\/bambapolitica.com.mx\/index.php\/wp-json\/wp\/v2\/tags?post=54251"}],"curies":[{"name":"wp","href":"https:\/\/api.w.org\/{rel}","templated":true}]}}