{"id":54260,"date":"2022-12-20T10:18:10","date_gmt":"2022-12-20T16:18:10","guid":{"rendered":"http:\/\/bambapolitica.com.mx\/?p=54260"},"modified":"2022-12-20T10:18:11","modified_gmt":"2022-12-20T16:18:11","slug":"hombre-encontro-muerto-a-su-hijo-en-su-habitacion-en-la-laguna","status":"publish","type":"post","link":"https:\/\/bambapolitica.com.mx\/index.php\/2022\/12\/20\/hombre-encontro-muerto-a-su-hijo-en-su-habitacion-en-la-laguna\/","title":{"rendered":"Hombre encontr\u00f3 muerto a su hijo en su habitaci\u00f3n en La Laguna"},"content":{"rendered":"\n<p>martes, 20 de diciembre de 2022<\/p>\n\n\n\n<p>Seis horas despu\u00e9s las autoridades competentes recibieron otra llamada de auxilio donde reportaban otro hombre muerto.<br>El n\u00famero de suicidios se ha incrementado de manera notable durante el mes de diciembre, ya que en seis horas se registraron dos casos, con lo que ya suman 11 y 167 durante el a\u00f1o en el estado de Durango.<\/p>\n\n\n\n<p>Una de las posibles causas de que el joven Juan No\u00e9, de 27 a\u00f1os de edad, terminar\u00e1 con su vida en su vivienda ubicada en la localidad de Velarde\u00f1a, municipio de Cuencam\u00e9, Durango, fue su adicci\u00f3n a las bebidas embriagantes aunado a fuertes crisis depresivas que lo aquejaban, seg\u00fan versi\u00f3n de su padre que lo descubri\u00f3 sin vida.<\/p>\n\n\n\n<p>El hallazgo se registr\u00f3 el lunes a las 13:40 horas cuando al se\u00f1or Sergio le llam\u00f3 la atenci\u00f3n no encontrar a su hijo, por lo que busc\u00f3 en el interior de la vivienda descubriendo que presuntamente se hab\u00eda privado de la vida en su habitaci\u00f3n.<\/p>\n\n\n\n<p>Del deceso tom\u00f3 conocimiento el Agente Investigador del Ministerio P\u00fablico de la Vicefiscal\u00eda de la Regi\u00f3n Laguna, siendo el cuerpo trasladado al anfiteatro para la necropsia de ley.<\/p>\n\n\n\n<p>Lo Encuentran sin Vida en la Celda de la C\u00e1rcel Municipal<br>Apenas hab\u00edan transcurrido seis horas cuando las autoridades competentes recibieron otra llamada de auxilio donde reportaban un hombre muerto en el interior de m\u00f3dulos de prisi\u00f3n preventiva de Seguridad P\u00fablica en la localidad de Cuencam\u00e9, Durango.<\/p>\n\n\n\n<p>Celadores de la dependencia polic\u00edaca detectaron a las 20:02 horas al afectado que se encontraba en la celda por lo que de inmediato solicitaron apoyo m\u00e9dico, confirmando as\u00ed que ya no contaba con signos de vida.<\/p>\n\n\n\n<p>El infortunado del que no indicaron la causa de su detenci\u00f3n respond\u00eda al nombre de Sim\u00f3n, de 29 a\u00f1os de edad, quien ten\u00eda su domicilio en sector centro de Cuencam\u00e9, Durango.<\/p>\n\n\n\n<p>Peritos del departamento de Medicina Forense trasladaron el cad\u00e1ver al Servicio M\u00e9dico Forense para la necropsia de rigor y determinar causa de muerte.<\/p>\n","protected":false},"excerpt":{"rendered":"<p>martes, 20 de diciembre de 2022 Seis horas despu\u00e9s las autoridades competentes recibieron otra llamada&#8230;<\/p>\n","protected":false},"author":3,"featured_media":54261,"comment_status":"closed","ping_status":"closed","sticky":false,"template":"","format":"standard","meta":{"footnotes":""},"categories":[2],"tags":[],"class_list":["post-54260","post","type-post","status-publish","format-standard","has-post-thumbnail","hentry","category-policiaca"],"_links":{"self":[{"href":"https:\/\/bambapolitica.com.mx\/index.php\/wp-json\/wp\/v2\/posts\/54260","targetHints":{"allow":["GET"]}}],"collection":[{"href":"https:\/\/bambapolitica.com.mx\/index.php\/wp-json\/wp\/v2\/posts"}],"about":[{"href":"https:\/\/bambapolitica.com.mx\/index.php\/wp-json\/wp\/v2\/types\/post"}],"author":[{"embeddable":true,"href":"https:\/\/bambapolitica.com.mx\/index.php\/wp-json\/wp\/v2\/users\/3"}],"replies":[{"embeddable":true,"href":"https:\/\/bambapolitica.com.mx\/index.php\/wp-json\/wp\/v2\/comments?post=54260"}],"version-history":[{"count":1,"href":"https:\/\/bambapolitica.com.mx\/index.php\/wp-json\/wp\/v2\/posts\/54260\/revisions"}],"predecessor-version":[{"id":54262,"href":"https:\/\/bambapolitica.com.mx\/index.php\/wp-json\/wp\/v2\/posts\/54260\/revisions\/54262"}],"wp:featuredmedia":[{"embeddable":true,"href":"https:\/\/bambapolitica.com.mx\/index.php\/wp-json\/wp\/v2\/media\/54261"}],"wp:attachment":[{"href":"https:\/\/bambapolitica.com.mx\/index.php\/wp-json\/wp\/v2\/media?parent=54260"}],"wp:term":[{"taxonomy":"category","embeddable":true,"href":"https:\/\/bambapolitica.com.mx\/index.php\/wp-json\/wp\/v2\/categories?post=54260"},{"taxonomy":"post_tag","embeddable":true,"href":"https:\/\/bambapolitica.com.mx\/index.php\/wp-json\/wp\/v2\/tags?post=54260"}],"curies":[{"name":"wp","href":"https:\/\/api.w.org\/{rel}","templated":true}]}}