{"id":54278,"date":"2022-12-21T08:08:37","date_gmt":"2022-12-21T14:08:37","guid":{"rendered":"http:\/\/bambapolitica.com.mx\/?p=54278"},"modified":"2022-12-21T08:08:40","modified_gmt":"2022-12-21T14:08:40","slug":"mexico-no-rompera-relaciones-diplomaticas-con-peru-lopez-obrador","status":"publish","type":"post","link":"https:\/\/bambapolitica.com.mx\/index.php\/2022\/12\/21\/mexico-no-rompera-relaciones-diplomaticas-con-peru-lopez-obrador\/","title":{"rendered":"M\u00e9xico no romper\u00e1 relaciones diplom\u00e1ticas con Per\u00fa: L\u00f3pez Obrador"},"content":{"rendered":"\n<p>mi\u00e9rcoles, 21 de diciembre de 2022<\/p>\n\n\n\n<p>El presidente L\u00f3pez Obrador lament\u00f3 que el Gobierno de Per\u00fa declarara \u2018persona non grata\u2019 al embajador mexicano en Lima, Pablo Monroy.<\/p>\n\n\n\n<p><br>El presidente Andr\u00e9s Manuel L\u00f3pez Obrador detall\u00f3 que la Secretar\u00eda de Relaciones Exteriores (SRE) decidi\u00f3 no romper relaciones diplom\u00e1ticas con el Gobierno de Per\u00fa, encabezado actualmente por Dina Boluarte, luego de que se nombrara persona non grata al embajador en Lima, Pablo Monroy.<br>En la conferencia matutina de Palacio Nacional, L\u00f3pez Obrador lament\u00f3 que la decisi\u00f3n que tom\u00f3 en la previa el Gobierno peruano y dej\u00f3 en claro que la Embajada mexicana en Lima seguir\u00e1 con sus funciones.<\/p>\n\n\n\n<p>\u201cLamentar la decisi\u00f3n que tom\u00f3 el Gobierno de Per\u00fa, un Gobierno muy cuestionado en su conjunto, por su proceder sobre todo por optar por la la represi\u00f3n y no buscar el conflicto de Per\u00fa, una salida mediante el di\u00e1logo y con el m\u00e9todo democr\u00e1tico de convocar a elecciones lo m\u00e1s pronto posible para evitar que haya una situaci\u00f3n de inestabilidad pol\u00edtica que como lo hemos dicho muchas veces afecta fundamentalmente al hermano pueblo de Per\u00fa\u201d, detall\u00f3.<\/p>\n\n\n\n<p>\u201cLa SRE ha decidido no romper relaciones, entre otras cosas, porque necesitamos mantener nuestra Embajada para dar protecci\u00f3n a los mexicanos que radican, que viven en Per\u00fa. Entonces, la Embajada contin\u00faa con su funci\u00f3n. Ya est\u00e1 nombrado un encargado de la Embajada y seguimos pendientes de los acontecimientos en el Per\u00fa\u201d, dijo.<\/p>\n\n\n\n<p>El mandatario mexicano reiter\u00f3 que la crisis pol\u00edtica en Per\u00fa, que comenz\u00f3 con la destituci\u00f3n del expresidente Pedro Castillo, fue ocasionada por la clase pol\u00edtica y los grupos de poder econ\u00f3mico y pol\u00edtico en el pa\u00eds sudamericano, que los ha llevado a lo que denomin\u00f3 \u201cmedidas arbitrarias\u201d.<\/p>\n\n\n\n<p>\u201cSabemos distinguir muy bien de lo que es el pueblo de Per\u00fa, que es un pueblo hermano y la actitud de la llamada clase pol\u00edtica , de los grupos de poder econ\u00f3mico y pol\u00edtico, que son los que han mantenido esta crisis en ese pa\u00eds por sus ambiciones personales, por sus intereses econ\u00f3micos\u201d, manifest\u00f3.<\/p>\n\n\n\n<p>Comprendemos que esta situaci\u00f3n los ha llevado a tomar medidas arbitrarias, como la de declarar persona non grata a nuestro embajador en Per\u00fa que hemos estado pendientes y la SRE le ha pedido que regrese pronto, est\u00e1 por llegar a M\u00e9xico, porque lo que m\u00e1s nos importa es el cuidar su integridad y la de su familia\u201d, subray\u00f3.<\/p>\n\n\n\n<p>El Gobierno peruano declar\u00f3 este martes persona non grata a Monroy y le dio 72 horas para abandonar el pa\u00eds andino en respuesta a la \u201cinjerencia\u201d que consideran que han hecho las \u201caltas autoridades\u201d mexicanas y adem\u00e1s otorg\u00f3 un salvoconducto a la familia del expresidente para acudir a este pa\u00eds, que les concedi\u00f3 asilo.<\/p>\n\n\n\n<p>La familia del expresidente Castillo, la cual es integrada por su esposa Lilia Paredes y sus dos hijos, lleg\u00f3 este mi\u00e9rcoles a la Ciudad de M\u00e9xico muy temprano este mi\u00e9rcoles en un vuelo procedente de Aerom\u00e9xico.<\/p>\n","protected":false},"excerpt":{"rendered":"<p>mi\u00e9rcoles, 21 de diciembre de 2022 El presidente L\u00f3pez Obrador lament\u00f3 que el Gobierno de&#8230;<\/p>\n","protected":false},"author":3,"featured_media":54279,"comment_status":"closed","ping_status":"closed","sticky":false,"template":"","format":"standard","meta":{"footnotes":""},"categories":[4],"tags":[],"class_list":["post-54278","post","type-post","status-publish","format-standard","has-post-thumbnail","hentry","category-noticias-del-dia"],"_links":{"self":[{"href":"https:\/\/bambapolitica.com.mx\/index.php\/wp-json\/wp\/v2\/posts\/54278","targetHints":{"allow":["GET"]}}],"collection":[{"href":"https:\/\/bambapolitica.com.mx\/index.php\/wp-json\/wp\/v2\/posts"}],"about":[{"href":"https:\/\/bambapolitica.com.mx\/index.php\/wp-json\/wp\/v2\/types\/post"}],"author":[{"embeddable":true,"href":"https:\/\/bambapolitica.com.mx\/index.php\/wp-json\/wp\/v2\/users\/3"}],"replies":[{"embeddable":true,"href":"https:\/\/bambapolitica.com.mx\/index.php\/wp-json\/wp\/v2\/comments?post=54278"}],"version-history":[{"count":1,"href":"https:\/\/bambapolitica.com.mx\/index.php\/wp-json\/wp\/v2\/posts\/54278\/revisions"}],"predecessor-version":[{"id":54280,"href":"https:\/\/bambapolitica.com.mx\/index.php\/wp-json\/wp\/v2\/posts\/54278\/revisions\/54280"}],"wp:featuredmedia":[{"embeddable":true,"href":"https:\/\/bambapolitica.com.mx\/index.php\/wp-json\/wp\/v2\/media\/54279"}],"wp:attachment":[{"href":"https:\/\/bambapolitica.com.mx\/index.php\/wp-json\/wp\/v2\/media?parent=54278"}],"wp:term":[{"taxonomy":"category","embeddable":true,"href":"https:\/\/bambapolitica.com.mx\/index.php\/wp-json\/wp\/v2\/categories?post=54278"},{"taxonomy":"post_tag","embeddable":true,"href":"https:\/\/bambapolitica.com.mx\/index.php\/wp-json\/wp\/v2\/tags?post=54278"}],"curies":[{"name":"wp","href":"https:\/\/api.w.org\/{rel}","templated":true}]}}