{"id":54281,"date":"2022-12-21T08:12:05","date_gmt":"2022-12-21T14:12:05","guid":{"rendered":"http:\/\/bambapolitica.com.mx\/?p=54281"},"modified":"2022-12-21T08:12:06","modified_gmt":"2022-12-21T14:12:06","slug":"amlo-pide-a-mexicanos-donar-en-colecta-nacional-de-la-cruz-roja","status":"publish","type":"post","link":"https:\/\/bambapolitica.com.mx\/index.php\/2022\/12\/21\/amlo-pide-a-mexicanos-donar-en-colecta-nacional-de-la-cruz-roja\/","title":{"rendered":"AMLO pide a mexicanos donar en Colecta Nacional de la Cruz Roja"},"content":{"rendered":"\n<p>mi\u00e9rcoles, 21 de diciembre de 2022.<\/p>\n\n\n\n<p>El presidente L\u00f3pez Obrador apunt\u00f3 que la Cruz Roja realiza una labor noble al ayudar a todos los mexicanos.<\/p>\n\n\n\n<p><br>El presidente de M\u00e9xico, Andr\u00e9s Manuel L\u00f3pez Obrador, hizo un llamado a toda la poblaci\u00f3n mexicana a donar en la donar en la Colecta Nacional de la Cruz Roja Mexicana.<br>En la conferencia matutina de Palacio Nacional, L\u00f3pez Obrador apunt\u00f3 que la Cruz Roja realiza una labor noble y que ayudan a todos los mexicanos.<\/p>\n\n\n\n<p>\u201cVamos a tener una muy buena agenda, sobretodo de cooperaci\u00f3n de apoyo a la Cruz Roja. Est\u00e1 aqu\u00ed Fernando Suinaga C\u00e1rdenas, que es el presidente nacional de Cruz Roja, tambi\u00e9n la licenciada Carmen Suinaga Lebrija, que es dama voluntaria de Cruz Roja Mexicana. Y empezamos la colecta\u201d, apunt\u00f3.<\/p>\n\n\n\n<p>\u201cEs una labor muy noble y llamar a todos los mexicanos para participar a ayudar porque se trata de que nos atienda en emergencias, que nos cuiden, que exista este servicio humanitario que se sostiene con la cooperaci\u00f3n, con el apoyo de todos los mexicanos\u201d, manifest\u00f3.<\/p>\n\n\n\n<p>El presidente nacional de la Cruz Roja, Fernando Suinaga, agradeci\u00f3 al mandatario mexicano su decisi\u00f3n de participar en esta colecta anual.<\/p>\n\n\n\n<p>\u201cEs el evento mas importante de recaudaci\u00f3n de fondos para muestra instituci\u00f3n. Gracias a estos recursos podemos centrar nuestras actividades humanitarias en beneficio de los m\u00e1s vulnerables. Es una organizaci\u00f3n humanitaria que ha velado por la salud de los mexicanos durante m\u00e1s de 112 a\u00f1os\u201d.<\/p>\n\n\n\n<p>L\u00f3pez Obrador realiz\u00f3 una donaci\u00f3n de mil 700 pesos para dar el banderazo de salida de esta colecta nacional.<\/p>\n\n\n\n<p>\u201cCon Hidalgo y con Morelos (al colocar un billete de 200 pesos), los padres de nuestra Patria. Quien pueda con eso, ayuda, quien tenga un poquito m\u00e1s, pues con Ju\u00e1rez (don\u00f3 500 pesos). El que tenga un poquito m\u00e1s, con Madero, el ap\u00f3stol de la democracia\u201d, refiri\u00f3.<\/p>\n","protected":false},"excerpt":{"rendered":"<p>mi\u00e9rcoles, 21 de diciembre de 2022. El presidente L\u00f3pez Obrador apunt\u00f3 que la Cruz Roja&#8230;<\/p>\n","protected":false},"author":3,"featured_media":54282,"comment_status":"closed","ping_status":"closed","sticky":false,"template":"","format":"standard","meta":{"footnotes":""},"categories":[4],"tags":[],"class_list":["post-54281","post","type-post","status-publish","format-standard","has-post-thumbnail","hentry","category-noticias-del-dia"],"_links":{"self":[{"href":"https:\/\/bambapolitica.com.mx\/index.php\/wp-json\/wp\/v2\/posts\/54281","targetHints":{"allow":["GET"]}}],"collection":[{"href":"https:\/\/bambapolitica.com.mx\/index.php\/wp-json\/wp\/v2\/posts"}],"about":[{"href":"https:\/\/bambapolitica.com.mx\/index.php\/wp-json\/wp\/v2\/types\/post"}],"author":[{"embeddable":true,"href":"https:\/\/bambapolitica.com.mx\/index.php\/wp-json\/wp\/v2\/users\/3"}],"replies":[{"embeddable":true,"href":"https:\/\/bambapolitica.com.mx\/index.php\/wp-json\/wp\/v2\/comments?post=54281"}],"version-history":[{"count":1,"href":"https:\/\/bambapolitica.com.mx\/index.php\/wp-json\/wp\/v2\/posts\/54281\/revisions"}],"predecessor-version":[{"id":54283,"href":"https:\/\/bambapolitica.com.mx\/index.php\/wp-json\/wp\/v2\/posts\/54281\/revisions\/54283"}],"wp:featuredmedia":[{"embeddable":true,"href":"https:\/\/bambapolitica.com.mx\/index.php\/wp-json\/wp\/v2\/media\/54282"}],"wp:attachment":[{"href":"https:\/\/bambapolitica.com.mx\/index.php\/wp-json\/wp\/v2\/media?parent=54281"}],"wp:term":[{"taxonomy":"category","embeddable":true,"href":"https:\/\/bambapolitica.com.mx\/index.php\/wp-json\/wp\/v2\/categories?post=54281"},{"taxonomy":"post_tag","embeddable":true,"href":"https:\/\/bambapolitica.com.mx\/index.php\/wp-json\/wp\/v2\/tags?post=54281"}],"curies":[{"name":"wp","href":"https:\/\/api.w.org\/{rel}","templated":true}]}}