{"id":54287,"date":"2022-12-21T08:21:42","date_gmt":"2022-12-21T14:21:42","guid":{"rendered":"http:\/\/bambapolitica.com.mx\/?p=54287"},"modified":"2022-12-21T08:21:44","modified_gmt":"2022-12-21T14:21:44","slug":"sre-ordena-regresar-a-mexico-a-embajador-en-peru","status":"publish","type":"post","link":"https:\/\/bambapolitica.com.mx\/index.php\/2022\/12\/21\/sre-ordena-regresar-a-mexico-a-embajador-en-peru\/","title":{"rendered":"SRE ordena regresar a M\u00e9xico a embajador en Per\u00fa"},"content":{"rendered":"\n<p>mi\u00e9rcoles, 21 de diciembre de 2022<\/p>\n\n\n\n<p>El embajador Pablo Monroy Conesa fue declarado &#8216;persona non grata&#8217; por el gobierno de Per\u00fa.<br>El embajador Pablo Monroy Conesa fue declarado persona non grata por el gobierno peruano, luego de que M\u00e9xico ofreciera asilo al ex presidente Pedro Castillo.<\/p>\n\n\n\n<p>Por ello, a trav\u00e9s de un comunicado, la Secretar\u00eda de Relaciones Exteriores (SRE) ha instruido al embajador mexicano para regresar a M\u00e9xico con el fin de resguardar su seguridad e integridad f\u00edsica.<br>La decisi\u00f3n del gobierno peruano responde a &#8220;las reiteradas expresiones&#8221; del gobierno mexicano &#8220;sobre la situaci\u00f3n pol\u00edtica del Per\u00fa que constituyen injerencia en nuestros asuntos internos&#8221;, dijo este martes la canciller peruana, Ana Cecilia Gervasi, en un pronunciamiento.<\/p>\n\n\n\n<p>La familia de Castillo ingres\u00f3 este martes a la embajada mexicana en Lima.<\/p>\n\n\n\n<p>En su mensaje, la SRE declar\u00f3 que la Embajada de M\u00e9xico en Per\u00fa quedar\u00e1 a cargo de la primera secretaria Karla Tatiana Ornelas Loera, actual jefa de Canciller\u00eda de la Misi\u00f3n.<\/p>\n\n\n\n<p>\u201cNuestra representaci\u00f3n continuar\u00e1 operando con normalidad tras este movimiento\u201d, se lee en el comunicado.<br>Se\u00f1alaron que M\u00e9xico cree firmemente en el di\u00e1logo y seguir\u00e1 manteniendo los canales de comunicaci\u00f3n abiertos con todos los interlocutores, especialmente para atender las necesidades de los mexicanos avecindados en el Per\u00fa.<\/p>\n\n\n\n<p>\u00bfPara qu\u00e9 sirve el t\u00e9rmino?<br>La respuesta corta es para mostrar rechazo p\u00fablicamente. Esta declaraci\u00f3n no tiene efectos legales y no est\u00e1 regulada m\u00e1s all\u00e1 del derecho internacional.<br>Sin embargo, hay matices puesto que el Tribunal Supremo en varias sentencias reconoce que, aunque no haya efectos directos, s\u00ed se pueden derivar otros efectos sobre la persona que se declara non grata, como por ejemplo que baje su credibilidad o que pierda alg\u00fan acuerdo comercial en el pueblo o ciudad donde es considerado no aceptable.<\/p>\n\n\n\n<p>\u00bfCu\u00e1les son las consecuencias de declarar a una persona non grata?<br>No tiene ninguna consecuencia jur\u00eddica, a pesar de quien lo pronuncie o apruebe ser\u00e1 una Administraci\u00f3n P\u00fablica.<\/p>\n\n\n\n<p>En cuanto a la cobertura legal, la declaraci\u00f3n de persona non grata, como tal no est\u00e1 recogida entre las competencias de los entes Municipales. Esto, no obstante, existen muchas actuaciones municipales que tampoco lo est\u00e1n, tales como el nombramiento de hijo predilecto, la declaraci\u00f3n de luto oficial, la reprobaci\u00f3n de actos terroristas, la solidaridad con las v\u00edctimas de un terremoto, entre otros.<br>No obstante, cualquier de esas actuaciones administrativas, ya sean actos pol\u00edticos o bien actos administrativos, deben estar sujetos a la legalidad, de modo que, en caso contrario.<\/p>\n\n\n\n<p>Ebrard: familia de Castillo est\u00e1 asilada en embajada mexicana<br>De esta manera, se confirmaron las declaraciones de la presidenta Dina Boluarte quien desde este lunes dio a conocer que la esposa de Castillo y sus hijos hab\u00edan obtenido la protecci\u00f3n del gobierno mexicano.<\/p>\n\n\n\n<p>&#8220;El asilo ya se les concedi\u00f3 porque est\u00e1n en territorio mexicano, es decir, est\u00e1n en nuestra embajada y cuando est\u00e1n en la embajada les concedes el asilo, es una decisi\u00f3n independiente, soberana de M\u00e9xico&#8221;, dijo.<\/p>\n\n\n\n<p>Ebrard Casaub\u00f3n mencion\u00f3 que las pl\u00e1ticas que se tienen ahorita con Per\u00fa consisten en dar otorgarle un salvoconducto a la familia de Castillo para que puedan salir de su pa\u00eds si as\u00ed lo desean.<\/p>\n","protected":false},"excerpt":{"rendered":"<p>mi\u00e9rcoles, 21 de diciembre de 2022 El embajador Pablo Monroy Conesa fue declarado &#8216;persona non&#8230;<\/p>\n","protected":false},"author":3,"featured_media":54288,"comment_status":"closed","ping_status":"closed","sticky":false,"template":"","format":"standard","meta":{"footnotes":""},"categories":[4],"tags":[],"class_list":["post-54287","post","type-post","status-publish","format-standard","has-post-thumbnail","hentry","category-noticias-del-dia"],"_links":{"self":[{"href":"https:\/\/bambapolitica.com.mx\/index.php\/wp-json\/wp\/v2\/posts\/54287","targetHints":{"allow":["GET"]}}],"collection":[{"href":"https:\/\/bambapolitica.com.mx\/index.php\/wp-json\/wp\/v2\/posts"}],"about":[{"href":"https:\/\/bambapolitica.com.mx\/index.php\/wp-json\/wp\/v2\/types\/post"}],"author":[{"embeddable":true,"href":"https:\/\/bambapolitica.com.mx\/index.php\/wp-json\/wp\/v2\/users\/3"}],"replies":[{"embeddable":true,"href":"https:\/\/bambapolitica.com.mx\/index.php\/wp-json\/wp\/v2\/comments?post=54287"}],"version-history":[{"count":1,"href":"https:\/\/bambapolitica.com.mx\/index.php\/wp-json\/wp\/v2\/posts\/54287\/revisions"}],"predecessor-version":[{"id":54289,"href":"https:\/\/bambapolitica.com.mx\/index.php\/wp-json\/wp\/v2\/posts\/54287\/revisions\/54289"}],"wp:featuredmedia":[{"embeddable":true,"href":"https:\/\/bambapolitica.com.mx\/index.php\/wp-json\/wp\/v2\/media\/54288"}],"wp:attachment":[{"href":"https:\/\/bambapolitica.com.mx\/index.php\/wp-json\/wp\/v2\/media?parent=54287"}],"wp:term":[{"taxonomy":"category","embeddable":true,"href":"https:\/\/bambapolitica.com.mx\/index.php\/wp-json\/wp\/v2\/categories?post=54287"},{"taxonomy":"post_tag","embeddable":true,"href":"https:\/\/bambapolitica.com.mx\/index.php\/wp-json\/wp\/v2\/tags?post=54287"}],"curies":[{"name":"wp","href":"https:\/\/api.w.org\/{rel}","templated":true}]}}