{"id":54293,"date":"2022-12-21T09:07:05","date_gmt":"2022-12-21T15:07:05","guid":{"rendered":"http:\/\/bambapolitica.com.mx\/?p=54293"},"modified":"2022-12-21T09:07:06","modified_gmt":"2022-12-21T15:07:06","slug":"persona-non-grata-que-significa-el-termino-con-el-que-buscan-declarar-a-messi-en-mexico","status":"publish","type":"post","link":"https:\/\/bambapolitica.com.mx\/index.php\/2022\/12\/21\/persona-non-grata-que-significa-el-termino-con-el-que-buscan-declarar-a-messi-en-mexico\/","title":{"rendered":"Persona non grata: \u00bfQu\u00e9 significa el t\u00e9rmino con el que buscan declarar a Messi en M\u00e9xico?"},"content":{"rendered":"\n<p>mi\u00e9rcoles, 21 de diciembre de 2022<\/p>\n\n\n\n<p>Esto, luego de que la diputada de Morena, Mar\u00eda Clemente Garc\u00eda Moreno, propusiera declarar como persona non grata al futbolista argentino Lionel Messi.<\/p>\n\n\n\n<p><br>Luego de que la diputada de Morena, Mar\u00eda Clemente Garc\u00eda, propusiera que la Secretar\u00eda de Relaciones Exteriores (SRE) declare como persona non grata al futbolista argentino Lionel Messi, tras su pol\u00e9mica con una camiseta de la selecci\u00f3n Mexicana, pero \u00bfqu\u00e9 significa este t\u00e9rmino? Aqu\u00ed te decimos.<\/p>\n\n\n\n<p>El t\u00e9rmino de persona non grata se usa normalmente en derecho internacional, ocurre cuando un pa\u00eds busca expulsar a un diplom\u00e1tico de otro estado que se encuentra en su territorio, adem\u00e1s, declara a la persona como no aceptable para el pa\u00eds y, por lo tanto, el otro estado debe retirar a su embajador o al diplom\u00e1tico non grato.<br>\u00bfPara qu\u00e9 sirve realmente?<\/p>\n\n\n\n<p>La respuesta corta es para mostrar rechazo p\u00fablicamente. Esta declaraci\u00f3n no tiene efectos legales y no est\u00e1 regulada m\u00e1s all\u00e1 del derecho internacional.<\/p>\n\n\n\n<p>Sin embargo, hay matices puesto que el Tribunal Supremo en varias sentencias reconoce que, aunque no haya efectos directos, s\u00ed se pueden derivar otros efectos sobre la persona que se declara non grata, como por ejemplo que baje su credibilidad o que pierda alg\u00fan acuerdo comercial en el pueblo o ciudad donde es considerado no aceptable.<\/p>\n\n\n\n<p>\u00bfY por qu\u00e9 lo hacen los ayuntamientos?<br>La cuesti\u00f3n est\u00e1 en si es leg\u00edtimo que un Ayuntamiento puede declarar a una persona non grata y c\u00f3mo puede el afectado ejercer su defensa. Estas declaraciones administrativas por parte de un Ayuntamiento han sido cuestionadas en cuanto a su legalidad o legitimidad y recurridas, lo que ha dado lugar a interesantes sentencias del Tribunal Supremo y del Tribunal Constitucional.<br>\u00bfCu\u00e1les son las consecuencias?<\/p>\n\n\n\n<p>No tiene ninguna consecuencia jur\u00eddica, a pesar de quien lo pronuncie o apruebe ser\u00e1 una Administraci\u00f3n P\u00fablica.<\/p>\n\n\n\n<p>En cuanto a la cobertura legal, la declaraci\u00f3n de persona non grata, como tal no est\u00e1 recogida entre las competencias de los entes Municipales. Esto, no obstante, existen muchas actuaciones municipales que tampoco lo est\u00e1n, tales como el nombramiento de hijo predilecto, la declaraci\u00f3n de luto oficial, la reprobaci\u00f3n de actos terroristas, la solidaridad con las v\u00edctimas de un terremoto, entre otros.<\/p>\n\n\n\n<p>No obstante, cualquier de esas actuaciones administrativas, ya sean actos pol\u00edticos o bien actos administrativos, deben estar sujetos a la legalidad, de modo que, en caso contrario, son susceptibles de recurso.<\/p>\n\n\n\n<p>\u00bfPodr\u00eda ser un ataque contra el honor?<br>La jurisprudencia dice que en general no, pero depende del caso. \u201cTanto el Tribunal Constitucional como este mismo Alto Tribunal, en diversas Salas, han considerado que la expresi\u00f3n de ser persona non grata no constituye un ataque al honor\u201d, recopila en este fallo de la Sala de lo Contencioso.<\/p>\n\n\n\n<p>Eso s\u00ed, inmediatamente despu\u00e9s matiza que depende de la situaci\u00f3n concreta. La decisi\u00f3n podr\u00eda cambiar si, por ejemplo, la declaraci\u00f3n fuese tan notoria que implicase un da\u00f1o a esa persona.<br>En palabras del Tribunal: \u201cEste criterio, sin embargo, no puede elevarse a la categor\u00eda de doctrina general porque los distintos pronunciamientos jurisdiccionales a que se ha hecho referencia parten de determinados supuestos circunstanciales, como la falta de divulgaci\u00f3n o de difusi\u00f3n o por situarse la declaraci\u00f3n en el contexto de una controversia entre el declarado non grato y la corporaci\u00f3n municipal que ya hab\u00eda trascendido a la luz p\u00fablica, lo que exclu\u00eda que la decisi\u00f3n municipal pudiera atribuirse por terceras personas a causas distintas, que eventualmente, pudieran constituir un menoscabo de la aceptaci\u00f3n o aprecio p\u00fablico\u201d.<\/p>\n\n\n\n<p><\/p>\n","protected":false},"excerpt":{"rendered":"<p>mi\u00e9rcoles, 21 de diciembre de 2022 Esto, luego de que la diputada de Morena, Mar\u00eda&#8230;<\/p>\n","protected":false},"author":3,"featured_media":54294,"comment_status":"closed","ping_status":"closed","sticky":false,"template":"","format":"standard","meta":{"footnotes":""},"categories":[4],"tags":[],"class_list":["post-54293","post","type-post","status-publish","format-standard","has-post-thumbnail","hentry","category-noticias-del-dia"],"_links":{"self":[{"href":"https:\/\/bambapolitica.com.mx\/index.php\/wp-json\/wp\/v2\/posts\/54293","targetHints":{"allow":["GET"]}}],"collection":[{"href":"https:\/\/bambapolitica.com.mx\/index.php\/wp-json\/wp\/v2\/posts"}],"about":[{"href":"https:\/\/bambapolitica.com.mx\/index.php\/wp-json\/wp\/v2\/types\/post"}],"author":[{"embeddable":true,"href":"https:\/\/bambapolitica.com.mx\/index.php\/wp-json\/wp\/v2\/users\/3"}],"replies":[{"embeddable":true,"href":"https:\/\/bambapolitica.com.mx\/index.php\/wp-json\/wp\/v2\/comments?post=54293"}],"version-history":[{"count":1,"href":"https:\/\/bambapolitica.com.mx\/index.php\/wp-json\/wp\/v2\/posts\/54293\/revisions"}],"predecessor-version":[{"id":54295,"href":"https:\/\/bambapolitica.com.mx\/index.php\/wp-json\/wp\/v2\/posts\/54293\/revisions\/54295"}],"wp:featuredmedia":[{"embeddable":true,"href":"https:\/\/bambapolitica.com.mx\/index.php\/wp-json\/wp\/v2\/media\/54294"}],"wp:attachment":[{"href":"https:\/\/bambapolitica.com.mx\/index.php\/wp-json\/wp\/v2\/media?parent=54293"}],"wp:term":[{"taxonomy":"category","embeddable":true,"href":"https:\/\/bambapolitica.com.mx\/index.php\/wp-json\/wp\/v2\/categories?post=54293"},{"taxonomy":"post_tag","embeddable":true,"href":"https:\/\/bambapolitica.com.mx\/index.php\/wp-json\/wp\/v2\/tags?post=54293"}],"curies":[{"name":"wp","href":"https:\/\/api.w.org\/{rel}","templated":true}]}}