{"id":54296,"date":"2022-12-21T09:09:01","date_gmt":"2022-12-21T15:09:01","guid":{"rendered":"http:\/\/bambapolitica.com.mx\/?p=54296"},"modified":"2022-12-21T09:09:02","modified_gmt":"2022-12-21T15:09:02","slug":"en-cdmx-investigan-robo-de-coladeras-sheinbaum-propone-aumentar-pena","status":"publish","type":"post","link":"https:\/\/bambapolitica.com.mx\/index.php\/2022\/12\/21\/en-cdmx-investigan-robo-de-coladeras-sheinbaum-propone-aumentar-pena\/","title":{"rendered":"En CdMx, investigan robo de coladeras; Sheinbaum propone aumentar pena"},"content":{"rendered":"\n<p>mi\u00e9rcoles, 21 de diciembre de 2022<\/p>\n\n\n\n<p>El gobierno capitalino, a trav\u00e9s del Sistema de Aguas (Sacmex), ha realizado varias detenciones por este tipo de robos, que ha ido en aumento durante los \u00faltimos a\u00f1os.<\/p>\n\n\n\n<p><br>La jefa de gobierno de la Ciudad de M\u00e9xico , Claudia Sheinbaum hizo un llamado a los diputados del Congreso de la Ciudad de M\u00e9xico, a discutir lo m\u00e1s pronto posible el dictamen que busca elevar las penas por el robo de inmobiliario p\u00fablico, ante elcaso de las hermanas S\u00e1nchez Canchola, quienes cayeron en una coladera destapada en la alcald\u00eda Iztacalco.<\/p>\n\n\n\n<p>En conferencia de prensa, la mandataria capitalina detall\u00f3 que durante las \u00faltimas semanas, el gobierno capitalino, a trav\u00e9s del Sistema de Aguas (Sacmex), ha realizado varias detenciones por este tipo de robos, que ha ido en aumento durante los \u00faltimos a\u00f1os.<br>&#8220;Yo creo que, obviamente, despu\u00e9s de la tragedia que vivimos, es indispensable que el robo de coladeras sea catalogado de una manera, con m\u00e1s sanciones de las que existen actualmente.<\/p>\n\n\n\n<p>Es un llamado a los diputados para que lo trabajen y se pueda aprobar muy pronto, es un mensaje a todos aquellos que se roban coladeras; de hecho, ha habido varias detenciones, recientemente, pero es importante que haya una sanci\u00f3n mayor&#8221;, agreg\u00f3.<br>Tambi\u00e9n se\u00f1al\u00f3 que se est\u00e1 haciendo una investigaci\u00f3n importante para ver los lugares en donde se est\u00e1n vendiendo las coladeras robadas, para poder encontrar a los responsables, y realizar sanciones.<br>&#8220;Estos enseres del mobiliario p\u00fablico para que tambi\u00e9n sea sancionado quien compre estos equipos y que vengan de alguien que no sea el propio gobierno&#8221;, relat\u00f3.<br>Muerte de Sof\u00eda y Esmeralda<br>Sobre el avance en la investigaci\u00f3n de las hermanas que cayeron en una coladera destapada en Iztacalco, Claudia Sheinbaum declar\u00f3 que que la Fiscal\u00eda capitalina ha avanzado en el proceso y que actualmente se est\u00e1n buscando c\u00e1maras para continuar con las indagatorias.<\/p>\n\n\n\n<p>Coladeras en M\u00e9xico<br>La Encuesta Nacional de Calidad Regulatoria e Impacto Gubernamental en Empresas (ENCRIGE) se\u00f1ala que en 2021, 85.9 por ciento de los propietarios de unidades econ\u00f3micas se\u00f1al\u00f3 que las calles y avenidas de su municipio o demarcaci\u00f3n territorial estaban libres de vendedores ambulantes; 76.9 por ciento refiri\u00f3 que estaban en mal estado, y 81.6 por ciento se\u00f1al\u00f3 que los baches y coladeras no se reparaban de manera inmediata.<\/p>\n","protected":false},"excerpt":{"rendered":"<p>mi\u00e9rcoles, 21 de diciembre de 2022 El gobierno capitalino, a trav\u00e9s del Sistema de Aguas&#8230;<\/p>\n","protected":false},"author":3,"featured_media":54297,"comment_status":"closed","ping_status":"closed","sticky":false,"template":"","format":"standard","meta":{"footnotes":""},"categories":[4],"tags":[],"class_list":["post-54296","post","type-post","status-publish","format-standard","has-post-thumbnail","hentry","category-noticias-del-dia"],"_links":{"self":[{"href":"https:\/\/bambapolitica.com.mx\/index.php\/wp-json\/wp\/v2\/posts\/54296","targetHints":{"allow":["GET"]}}],"collection":[{"href":"https:\/\/bambapolitica.com.mx\/index.php\/wp-json\/wp\/v2\/posts"}],"about":[{"href":"https:\/\/bambapolitica.com.mx\/index.php\/wp-json\/wp\/v2\/types\/post"}],"author":[{"embeddable":true,"href":"https:\/\/bambapolitica.com.mx\/index.php\/wp-json\/wp\/v2\/users\/3"}],"replies":[{"embeddable":true,"href":"https:\/\/bambapolitica.com.mx\/index.php\/wp-json\/wp\/v2\/comments?post=54296"}],"version-history":[{"count":1,"href":"https:\/\/bambapolitica.com.mx\/index.php\/wp-json\/wp\/v2\/posts\/54296\/revisions"}],"predecessor-version":[{"id":54298,"href":"https:\/\/bambapolitica.com.mx\/index.php\/wp-json\/wp\/v2\/posts\/54296\/revisions\/54298"}],"wp:featuredmedia":[{"embeddable":true,"href":"https:\/\/bambapolitica.com.mx\/index.php\/wp-json\/wp\/v2\/media\/54297"}],"wp:attachment":[{"href":"https:\/\/bambapolitica.com.mx\/index.php\/wp-json\/wp\/v2\/media?parent=54296"}],"wp:term":[{"taxonomy":"category","embeddable":true,"href":"https:\/\/bambapolitica.com.mx\/index.php\/wp-json\/wp\/v2\/categories?post=54296"},{"taxonomy":"post_tag","embeddable":true,"href":"https:\/\/bambapolitica.com.mx\/index.php\/wp-json\/wp\/v2\/tags?post=54296"}],"curies":[{"name":"wp","href":"https:\/\/api.w.org\/{rel}","templated":true}]}}