{"id":54299,"date":"2022-12-21T09:11:51","date_gmt":"2022-12-21T15:11:51","guid":{"rendered":"http:\/\/bambapolitica.com.mx\/?p=54299"},"modified":"2022-12-21T09:11:52","modified_gmt":"2022-12-21T15:11:52","slug":"feminicidio-en-santa-martha-acatitla-procesan-a-presuntos-responsables","status":"publish","type":"post","link":"https:\/\/bambapolitica.com.mx\/index.php\/2022\/12\/21\/feminicidio-en-santa-martha-acatitla-procesan-a-presuntos-responsables\/","title":{"rendered":"Feminicidio en Santa Martha Acatitla: procesan a presuntos responsables"},"content":{"rendered":"\n<p>mi\u00e9rcoles, 21 de diciembre de 2022.<\/p>\n\n\n\n<p>Se les impuso la medida cautelar de prisi\u00f3n preventiva oficiosa, que deber\u00e1n cumplir mientras se desarrolla el periodo para el cierre de la investigaci\u00f3n complementaria.<br>Cuatro custodios del Centro Femenil de Reinserci\u00f3n Social Santa Martha Acatitla, fueron vinculados a proceso, tras ser acusados del asesinato de Sara Nayeli San Germ\u00e1n S\u00e1nchez, interna de ese penal, registrado en octubre de 2017.<\/p>\n\n\n\n<p>Un juez de control determin\u00f3 iniciar proceso penal contra Ang\u00e9lica &#8220;N&#8221;, Blanca &#8220;N&#8221;, Maribel &#8220;N&#8221; y Jos\u00e9 &#8220;N&#8221;, por su probable participaci\u00f3n en la comisi\u00f3n del delito de feminicidio.<\/p>\n\n\n\n<p>Ulises Lara, vocero de la Fiscal\u00eda de la Ciudad de M\u00e9xico, dio a conocer que el juzgador les impuso la medida cautelar de prisi\u00f3n preventiva oficiosa, la cual deber\u00e1n cumplir mientras se desarrollan los dos meses que fijados para el cierre de la investigaci\u00f3n complementaria.<br>&#8220;De acuerdo con nuestras investigaciones, se estableci\u00f3 que la tarde del 28 de octubre de 2017, Ang\u00e9lica &#8220;N&#8221;, Blanca &#8220;N&#8221;, Maribel &#8220;N&#8221;, posiblemente agredieron f\u00edsicamente a una interna y, en probable complicidad con Jos\u00e9 \u201cN\u201d, habr\u00edan hecho caminar a la v\u00edctima hacia unas escaleras y, amenaz\u00e1ndola de muerte, pudieron haber provocado que cayera por las mismas.<\/p>\n\n\n\n<p>La agraviada result\u00f3 lesionada y fue trasladada a un hospital p\u00fablico, donde falleci\u00f3 horas m\u00e1s tarde&#8221; explic\u00f3.<br>En un mensaje a medios, el funcionario resalt\u00f3 que las indagatorias con perspectiva de g\u00e9nero, realizadas por personal de la Fiscal\u00eda de Investigaci\u00f3n del Delito de Feminicidio, permitieron que se reclasificara el delito que inicialmente se hab\u00eda integrado como suicidio.<\/p>\n\n\n\n<p>Autoridades ministeriales se\u00f1alaron que, seg\u00fan los testimonios de otras internas, Sara Nayeli era agredida constantemente por custodios y custodias de ese centro penitenciario. Revelaron que por las madrugada sacaban a la v\u00edctima de su celda y posteriormente la regresaban muy golpeada.<br>Feminicidios en M\u00e9xico<\/p>\n\n\n\n<p>De acuerdo con cifras del gobierno federal, durante octubre se contabilizaron 80 feminicidios en el pa\u00eds, lo que represent\u00f3 un alza de 1.26 por ciento en relaci\u00f3n al mes anterior y 21 casos m\u00e1s que en julio, mes en el que empez\u00f3 a repuntar el delito.<\/p>\n\n\n\n<p>En lo que respecta a los primeros 10 meses del a\u00f1o, se han contaiblizado 792 casos de feminicidio.<\/p>\n","protected":false},"excerpt":{"rendered":"<p>mi\u00e9rcoles, 21 de diciembre de 2022. Se les impuso la medida cautelar de prisi\u00f3n preventiva&#8230;<\/p>\n","protected":false},"author":3,"featured_media":54300,"comment_status":"closed","ping_status":"closed","sticky":false,"template":"","format":"standard","meta":{"footnotes":""},"categories":[2],"tags":[],"class_list":["post-54299","post","type-post","status-publish","format-standard","has-post-thumbnail","hentry","category-policiaca"],"_links":{"self":[{"href":"https:\/\/bambapolitica.com.mx\/index.php\/wp-json\/wp\/v2\/posts\/54299","targetHints":{"allow":["GET"]}}],"collection":[{"href":"https:\/\/bambapolitica.com.mx\/index.php\/wp-json\/wp\/v2\/posts"}],"about":[{"href":"https:\/\/bambapolitica.com.mx\/index.php\/wp-json\/wp\/v2\/types\/post"}],"author":[{"embeddable":true,"href":"https:\/\/bambapolitica.com.mx\/index.php\/wp-json\/wp\/v2\/users\/3"}],"replies":[{"embeddable":true,"href":"https:\/\/bambapolitica.com.mx\/index.php\/wp-json\/wp\/v2\/comments?post=54299"}],"version-history":[{"count":1,"href":"https:\/\/bambapolitica.com.mx\/index.php\/wp-json\/wp\/v2\/posts\/54299\/revisions"}],"predecessor-version":[{"id":54301,"href":"https:\/\/bambapolitica.com.mx\/index.php\/wp-json\/wp\/v2\/posts\/54299\/revisions\/54301"}],"wp:featuredmedia":[{"embeddable":true,"href":"https:\/\/bambapolitica.com.mx\/index.php\/wp-json\/wp\/v2\/media\/54300"}],"wp:attachment":[{"href":"https:\/\/bambapolitica.com.mx\/index.php\/wp-json\/wp\/v2\/media?parent=54299"}],"wp:term":[{"taxonomy":"category","embeddable":true,"href":"https:\/\/bambapolitica.com.mx\/index.php\/wp-json\/wp\/v2\/categories?post=54299"},{"taxonomy":"post_tag","embeddable":true,"href":"https:\/\/bambapolitica.com.mx\/index.php\/wp-json\/wp\/v2\/tags?post=54299"}],"curies":[{"name":"wp","href":"https:\/\/api.w.org\/{rel}","templated":true}]}}