{"id":54302,"date":"2022-12-21T09:22:29","date_gmt":"2022-12-21T15:22:29","guid":{"rendered":"http:\/\/bambapolitica.com.mx\/?p=54302"},"modified":"2022-12-21T09:22:31","modified_gmt":"2022-12-21T15:22:31","slug":"detienen-a-acusado-de-agresion-sexual-en-chicoloapan","status":"publish","type":"post","link":"https:\/\/bambapolitica.com.mx\/index.php\/2022\/12\/21\/detienen-a-acusado-de-agresion-sexual-en-chicoloapan\/","title":{"rendered":"Detienen a acusado de agresi\u00f3n sexual en Chicoloapan"},"content":{"rendered":"\n<p>mi\u00e9rcoles, 21 de diciembre de 2022<\/p>\n\n\n\n<p>Elementos de la Secretar\u00eda de Seguridad detuvieron a un sujeto por su posible participaci\u00f3n en el delito de abuso sexual.<\/p>\n\n\n\n<p><br>La dependencia atendi\u00f3 una solicitud donde se pidi\u00f3 la colaboraci\u00f3n interinstitucional para ubicar a un hombre por su aparente relaci\u00f3n en un il\u00edcito; enseguida, se notific\u00f3 a polic\u00edas estatales quienes establecieron puntos de vigilancia sobre la avenida Ju\u00e1rez, casi esquina con Venustiano Carranza, en la colonia Tlatel, en esta demarcaci\u00f3n, donde al parecer se movilizaba el sujeto.<br>En el sitio referido, los uniformados detectaron la presencia de un individuo que cumpl\u00eda con las caracter\u00edsticas f\u00edsicas descritas, quien al notar su presencia emprendi\u00f3 la huida, lo que provoc\u00f3 una persecuci\u00f3n pie a tierra, que concluy\u00f3 metros adelante.<\/p>\n\n\n\n<p><br>Despu\u00e9s informarle el motivo de su detenci\u00f3n y dar lectura a los derechos que la ley confiere, Juan \u2019N\u2019 de 29 a\u00f1os de edad fue trasladado a la Agencia del Ministerio P\u00fablico correspondiente, para su certificaci\u00f3n y posteriormente ingresarlo al Centro Penitenciario y de Reinserci\u00f3n Social de Nezahualc\u00f3yotl &#8211; Bordo, donde se dar\u00e1 seguimiento a su situaci\u00f3n jur\u00eddica.<\/p>\n","protected":false},"excerpt":{"rendered":"<p>mi\u00e9rcoles, 21 de diciembre de 2022 Elementos de la Secretar\u00eda de Seguridad detuvieron a un&#8230;<\/p>\n","protected":false},"author":3,"featured_media":54303,"comment_status":"closed","ping_status":"closed","sticky":false,"template":"","format":"standard","meta":{"footnotes":""},"categories":[2],"tags":[],"class_list":["post-54302","post","type-post","status-publish","format-standard","has-post-thumbnail","hentry","category-policiaca"],"_links":{"self":[{"href":"https:\/\/bambapolitica.com.mx\/index.php\/wp-json\/wp\/v2\/posts\/54302","targetHints":{"allow":["GET"]}}],"collection":[{"href":"https:\/\/bambapolitica.com.mx\/index.php\/wp-json\/wp\/v2\/posts"}],"about":[{"href":"https:\/\/bambapolitica.com.mx\/index.php\/wp-json\/wp\/v2\/types\/post"}],"author":[{"embeddable":true,"href":"https:\/\/bambapolitica.com.mx\/index.php\/wp-json\/wp\/v2\/users\/3"}],"replies":[{"embeddable":true,"href":"https:\/\/bambapolitica.com.mx\/index.php\/wp-json\/wp\/v2\/comments?post=54302"}],"version-history":[{"count":1,"href":"https:\/\/bambapolitica.com.mx\/index.php\/wp-json\/wp\/v2\/posts\/54302\/revisions"}],"predecessor-version":[{"id":54304,"href":"https:\/\/bambapolitica.com.mx\/index.php\/wp-json\/wp\/v2\/posts\/54302\/revisions\/54304"}],"wp:featuredmedia":[{"embeddable":true,"href":"https:\/\/bambapolitica.com.mx\/index.php\/wp-json\/wp\/v2\/media\/54303"}],"wp:attachment":[{"href":"https:\/\/bambapolitica.com.mx\/index.php\/wp-json\/wp\/v2\/media?parent=54302"}],"wp:term":[{"taxonomy":"category","embeddable":true,"href":"https:\/\/bambapolitica.com.mx\/index.php\/wp-json\/wp\/v2\/categories?post=54302"},{"taxonomy":"post_tag","embeddable":true,"href":"https:\/\/bambapolitica.com.mx\/index.php\/wp-json\/wp\/v2\/tags?post=54302"}],"curies":[{"name":"wp","href":"https:\/\/api.w.org\/{rel}","templated":true}]}}