{"id":54324,"date":"2022-12-22T07:47:40","date_gmt":"2022-12-22T13:47:40","guid":{"rendered":"http:\/\/bambapolitica.com.mx\/?p=54324"},"modified":"2022-12-22T07:47:42","modified_gmt":"2022-12-22T13:47:42","slug":"aplican-vacuna-cubana-contra-covid-19-en-cdmx","status":"publish","type":"post","link":"https:\/\/bambapolitica.com.mx\/index.php\/2022\/12\/22\/aplican-vacuna-cubana-contra-covid-19-en-cdmx\/","title":{"rendered":"Aplican vacuna cubana contra COVID-19 en CDMX"},"content":{"rendered":"\n<p>jueves, 22 de diciembre de 2022<\/p>\n\n\n\n<p>La vacuna cubana Abdal\u00e1 estar\u00e1 disponible en los 230 centros de salud de la Ciudad de M\u00e9xico de 8:00 a 15:00 horas.<br>La Secretar\u00eda de Salud de Ciudad de M\u00e9xico revel\u00f3 que ya inici\u00f3 la aplicaci\u00f3n de la vacuna cubana Abdal\u00e1 contra el COVID-19 en la capital.<\/p>\n\n\n\n<p>El gobierno mexicano recibi\u00f3 el viernes pasado cuatro millones de dosis.<br>De acuerdo con Eduardo Clark, director de Gobierno Digital de la Agencia Digital de Innovaci\u00f3n de CDMX, la vacuna cubana se aplica como refuerzo o como primera dosis.<\/p>\n\n\n\n<p>Te puede interesar: OMS, muy alarmada por la cantidad de pacientes graves en China por COVID-19<\/p>\n\n\n\n<p>La convocatoria indica que la vacuna se aplicar\u00e1 a mayores de 18 a\u00f1os que deseen reforzar el esquema contra el coronavirus y cuya \u00faltima dosis haya sido recibida hace m\u00e1s de cuatro meses.<\/p>\n\n\n\n<p>La vacuna estar\u00e1 disponible en los 230 centros de salud de la ciudad de 8:00 a 15:00 horas.<\/p>\n","protected":false},"excerpt":{"rendered":"<p>jueves, 22 de diciembre de 2022 La vacuna cubana Abdal\u00e1 estar\u00e1 disponible en los 230&#8230;<\/p>\n","protected":false},"author":3,"featured_media":54325,"comment_status":"closed","ping_status":"closed","sticky":false,"template":"","format":"standard","meta":{"footnotes":""},"categories":[4],"tags":[],"class_list":["post-54324","post","type-post","status-publish","format-standard","has-post-thumbnail","hentry","category-noticias-del-dia"],"_links":{"self":[{"href":"https:\/\/bambapolitica.com.mx\/index.php\/wp-json\/wp\/v2\/posts\/54324","targetHints":{"allow":["GET"]}}],"collection":[{"href":"https:\/\/bambapolitica.com.mx\/index.php\/wp-json\/wp\/v2\/posts"}],"about":[{"href":"https:\/\/bambapolitica.com.mx\/index.php\/wp-json\/wp\/v2\/types\/post"}],"author":[{"embeddable":true,"href":"https:\/\/bambapolitica.com.mx\/index.php\/wp-json\/wp\/v2\/users\/3"}],"replies":[{"embeddable":true,"href":"https:\/\/bambapolitica.com.mx\/index.php\/wp-json\/wp\/v2\/comments?post=54324"}],"version-history":[{"count":1,"href":"https:\/\/bambapolitica.com.mx\/index.php\/wp-json\/wp\/v2\/posts\/54324\/revisions"}],"predecessor-version":[{"id":54326,"href":"https:\/\/bambapolitica.com.mx\/index.php\/wp-json\/wp\/v2\/posts\/54324\/revisions\/54326"}],"wp:featuredmedia":[{"embeddable":true,"href":"https:\/\/bambapolitica.com.mx\/index.php\/wp-json\/wp\/v2\/media\/54325"}],"wp:attachment":[{"href":"https:\/\/bambapolitica.com.mx\/index.php\/wp-json\/wp\/v2\/media?parent=54324"}],"wp:term":[{"taxonomy":"category","embeddable":true,"href":"https:\/\/bambapolitica.com.mx\/index.php\/wp-json\/wp\/v2\/categories?post=54324"},{"taxonomy":"post_tag","embeddable":true,"href":"https:\/\/bambapolitica.com.mx\/index.php\/wp-json\/wp\/v2\/tags?post=54324"}],"curies":[{"name":"wp","href":"https:\/\/api.w.org\/{rel}","templated":true}]}}