{"id":54327,"date":"2022-12-22T07:53:54","date_gmt":"2022-12-22T13:53:54","guid":{"rendered":"http:\/\/bambapolitica.com.mx\/?p=54327"},"modified":"2022-12-22T07:53:57","modified_gmt":"2022-12-22T13:53:57","slug":"denuncia-osorio-chong-violacion-a-la-vida-democratica-del-pri","status":"publish","type":"post","link":"https:\/\/bambapolitica.com.mx\/index.php\/2022\/12\/22\/denuncia-osorio-chong-violacion-a-la-vida-democratica-del-pri\/","title":{"rendered":"Denuncia Osorio Chong violacion a la vida democr\u00e1tica del PRI"},"content":{"rendered":"\n<p>jueves, 22 de diciembre de 2022<\/p>\n\n\n\n<p>Osorio Chong se\u00f1ala que las reformas que permitir\u00edan alargar el mandato de Moreno en el PRI violentan la vide democr\u00e1tica del partido.<\/p>\n\n\n\n<p>El senador Miguel \u00c1ngel Osorio Chong se\u00f1al\u00f3 que el Tribunal Electoral del Poder Judicial de la Federaci\u00f3n (TEPJF) y el Instituto Nacional Electoral (INE) no deben dejar pasar los cambios hechos a los estatutos del PRI y que permitir\u00edan a su l\u00edder, Alejandro Moreno, extender su periodo al frente del partido.<\/p>\n\n\n\n<p>Creo que hay elementos suficientes para poderlo llevar al INE y TRIFE, espero que loo dejen pasar como lo hicieron en 2020\u201d, dijo el senador.<\/p>\n\n\n\n<p>En entrevista con Raquel Flores en Radio F\u00f3rmula, Osorio Chong revel\u00f3 que ha sido v\u00edctima de ataques en redes sociales, pero los minimiz\u00f3.<\/p>\n\n\n\n<p>\u201cNo me importa, s\u00e9 qui\u00e9nes son, s\u00e9 que son ellos\u201d, agreg\u00f3.<\/p>\n\n\n\n<p>El senador Osorio Chong afirm\u00f3 que se violenta la vida democr\u00e1tica e interna del PRI.<\/p>\n","protected":false},"excerpt":{"rendered":"<p>jueves, 22 de diciembre de 2022 Osorio Chong se\u00f1ala que las reformas que permitir\u00edan alargar&#8230;<\/p>\n","protected":false},"author":3,"featured_media":54328,"comment_status":"closed","ping_status":"closed","sticky":false,"template":"","format":"standard","meta":{"footnotes":""},"categories":[4],"tags":[],"class_list":["post-54327","post","type-post","status-publish","format-standard","has-post-thumbnail","hentry","category-noticias-del-dia"],"_links":{"self":[{"href":"https:\/\/bambapolitica.com.mx\/index.php\/wp-json\/wp\/v2\/posts\/54327","targetHints":{"allow":["GET"]}}],"collection":[{"href":"https:\/\/bambapolitica.com.mx\/index.php\/wp-json\/wp\/v2\/posts"}],"about":[{"href":"https:\/\/bambapolitica.com.mx\/index.php\/wp-json\/wp\/v2\/types\/post"}],"author":[{"embeddable":true,"href":"https:\/\/bambapolitica.com.mx\/index.php\/wp-json\/wp\/v2\/users\/3"}],"replies":[{"embeddable":true,"href":"https:\/\/bambapolitica.com.mx\/index.php\/wp-json\/wp\/v2\/comments?post=54327"}],"version-history":[{"count":1,"href":"https:\/\/bambapolitica.com.mx\/index.php\/wp-json\/wp\/v2\/posts\/54327\/revisions"}],"predecessor-version":[{"id":54329,"href":"https:\/\/bambapolitica.com.mx\/index.php\/wp-json\/wp\/v2\/posts\/54327\/revisions\/54329"}],"wp:featuredmedia":[{"embeddable":true,"href":"https:\/\/bambapolitica.com.mx\/index.php\/wp-json\/wp\/v2\/media\/54328"}],"wp:attachment":[{"href":"https:\/\/bambapolitica.com.mx\/index.php\/wp-json\/wp\/v2\/media?parent=54327"}],"wp:term":[{"taxonomy":"category","embeddable":true,"href":"https:\/\/bambapolitica.com.mx\/index.php\/wp-json\/wp\/v2\/categories?post=54327"},{"taxonomy":"post_tag","embeddable":true,"href":"https:\/\/bambapolitica.com.mx\/index.php\/wp-json\/wp\/v2\/tags?post=54327"}],"curies":[{"name":"wp","href":"https:\/\/api.w.org\/{rel}","templated":true}]}}