{"id":54339,"date":"2022-12-22T09:13:18","date_gmt":"2022-12-22T15:13:18","guid":{"rendered":"http:\/\/bambapolitica.com.mx\/?p=54339"},"modified":"2022-12-22T09:13:20","modified_gmt":"2022-12-22T15:13:20","slug":"medicos-protestan-frente-a-la-torre-de-pemex-exigen-el-pago-de-aguinaldo","status":"publish","type":"post","link":"https:\/\/bambapolitica.com.mx\/index.php\/2022\/12\/22\/medicos-protestan-frente-a-la-torre-de-pemex-exigen-el-pago-de-aguinaldo\/","title":{"rendered":"M\u00e9dicos protestan frente a la Torre de Pemex; exigen el pago de aguinaldo"},"content":{"rendered":"\n<p>jueves, 22 de diciembre de 2022<\/p>\n\n\n\n<p>Los m\u00e9dicos denunciaron que autoridades amenazaron con retirarles su plazo si segu\u00edan con la manifestaci\u00f3n.<\/p>\n\n\n\n<p><br>Un grupo de m\u00e9dicos residentes se manifestaron frente a la Torre de Petr\u00f3leos Mexicanos (Pemex) en Ciudad de M\u00e9xico. Exigen el pago de su aguinaldo y respeto a sus derechos laborales.<br>Los m\u00e9dicos denunciaron que autoridades amenazaron con retirarles su plazo si segu\u00edan con la manifestaci\u00f3n.<\/p>\n\n\n\n<p>Tambi\u00e9n denunciaron que no han recibido un aumento en su sueldo, como lo prometi\u00f3 el presidente L\u00f3pez Obrador en octubre.<br>Se\u00f1alaron que mantendr\u00e1n su manifestaci\u00f3n hasta que sus demandas sean atendidas.<\/p>\n","protected":false},"excerpt":{"rendered":"<p>jueves, 22 de diciembre de 2022 Los m\u00e9dicos denunciaron que autoridades amenazaron con retirarles su&#8230;<\/p>\n","protected":false},"author":3,"featured_media":54340,"comment_status":"closed","ping_status":"closed","sticky":false,"template":"","format":"standard","meta":{"footnotes":""},"categories":[4],"tags":[],"class_list":["post-54339","post","type-post","status-publish","format-standard","has-post-thumbnail","hentry","category-noticias-del-dia"],"_links":{"self":[{"href":"https:\/\/bambapolitica.com.mx\/index.php\/wp-json\/wp\/v2\/posts\/54339","targetHints":{"allow":["GET"]}}],"collection":[{"href":"https:\/\/bambapolitica.com.mx\/index.php\/wp-json\/wp\/v2\/posts"}],"about":[{"href":"https:\/\/bambapolitica.com.mx\/index.php\/wp-json\/wp\/v2\/types\/post"}],"author":[{"embeddable":true,"href":"https:\/\/bambapolitica.com.mx\/index.php\/wp-json\/wp\/v2\/users\/3"}],"replies":[{"embeddable":true,"href":"https:\/\/bambapolitica.com.mx\/index.php\/wp-json\/wp\/v2\/comments?post=54339"}],"version-history":[{"count":1,"href":"https:\/\/bambapolitica.com.mx\/index.php\/wp-json\/wp\/v2\/posts\/54339\/revisions"}],"predecessor-version":[{"id":54341,"href":"https:\/\/bambapolitica.com.mx\/index.php\/wp-json\/wp\/v2\/posts\/54339\/revisions\/54341"}],"wp:featuredmedia":[{"embeddable":true,"href":"https:\/\/bambapolitica.com.mx\/index.php\/wp-json\/wp\/v2\/media\/54340"}],"wp:attachment":[{"href":"https:\/\/bambapolitica.com.mx\/index.php\/wp-json\/wp\/v2\/media?parent=54339"}],"wp:term":[{"taxonomy":"category","embeddable":true,"href":"https:\/\/bambapolitica.com.mx\/index.php\/wp-json\/wp\/v2\/categories?post=54339"},{"taxonomy":"post_tag","embeddable":true,"href":"https:\/\/bambapolitica.com.mx\/index.php\/wp-json\/wp\/v2\/tags?post=54339"}],"curies":[{"name":"wp","href":"https:\/\/api.w.org\/{rel}","templated":true}]}}