{"id":54342,"date":"2022-12-22T09:16:26","date_gmt":"2022-12-22T15:16:26","guid":{"rendered":"http:\/\/bambapolitica.com.mx\/?p=54342"},"modified":"2022-12-22T09:16:28","modified_gmt":"2022-12-22T15:16:28","slug":"rescatan-el-cuerpo-de-trabajador-sepultado-el-mina-cerca-de-taxco","status":"publish","type":"post","link":"https:\/\/bambapolitica.com.mx\/index.php\/2022\/12\/22\/rescatan-el-cuerpo-de-trabajador-sepultado-el-mina-cerca-de-taxco\/","title":{"rendered":"Rescatan el cuerpo de trabajador sepultado el mina cerca de Taxco"},"content":{"rendered":"\n<p>jueves, 22 de diciembre de 2022<\/p>\n\n\n\n<p>Rescatan el cuerpo de un operador de retroexcavadora que qued\u00f3 sepultado en una mina de Taxco, Guerrero.<\/p>\n\n\n\n<p><br>Tras el colapso de una mina de arena entre los centrales estados mexicanos de Guerrero y Morelos, autoridades de Protecci\u00f3n Civil confirmaron la muerte de uno de los dos trabajadores que quedaron sepultados, sin que se sepa la condici\u00f3n del segundo.<\/p>\n\n\n\n<p>La mina de arena se encuentra en la localidad de Tecalco, en el municipio de Taxco, ubicado en la zona norte de Guerrero y que colinda con la localidad de Amacuzac, al sur del estado central mexicano de Morelos.<br>\u201cAl momento se mantienen los trabajos de remoci\u00f3n de material en la mina de Amacuzac para la b\u00fasqueda de una segunda v\u00edctima\u201d, comparti\u00f3 Protecci\u00f3n Civil de Morelos en su cuenta oficial en Twitter.<\/p>\n\n\n\n<p>Las autoridades tambi\u00e9n se\u00f1alaron que personal operativo de la direcci\u00f3n de atenci\u00f3n a emergencias y desastres, se ubica en la zona del incidente para la coordinaci\u00f3n de labores.<\/p>\n\n\n\n<p>Fue aproximadamente a las 13:45 horas (07:45 horas GMT) cuando una avalancha de tierra de unos 80 metros c\u00fabicos colaps\u00f3, de acuerdo con una llamada de emergencia registrada en el sistema de vigilancia \u201cC4\u201d de Iguala.<\/p>\n\n\n\n<p>La Secretar\u00eda de Gesti\u00f3n Integral de Riesgos y Protecci\u00f3n Civil de Guerrero inform\u00f3 que rescatistas de la zona Norte, estatales y municipales, comenzaron con los trabajos de rescate de las dos personas, en los que adem\u00e1s participan rescatistas del estado de Morelos.<\/p>\n\n\n\n<p>Tambi\u00e9n se han sumado trabajadores de la Unidad de Rescate de Chilpancingo, capital del estado, quienes fueron trasladados en helic\u00f3ptero para reforzar los trabajos.<\/p>\n\n\n\n<p>El titular de esta dependencia, Roberto Arroyo Matus, admiti\u00f3 que se desconoce si los trabajadores contin\u00faan con vida luego del derrumbe de arena sobre ellos.<\/p>\n\n\n\n<p>De acuerdo con lo informado ya se trabaja con maquinaria pesada para la remoci\u00f3n del material p\u00e9treo para poder sustraer a los dos trabajadores.<\/p>\n\n\n\n<p>En agosto pasado, el derrumbe de otra mina en el norte de M\u00e9xico y que dej\u00f3 a 10 trabajadores mexicanos bajo tierra y agua reactiv\u00f3 la pol\u00e9mica en M\u00e9xico por la actuaci\u00f3n de las mineras.<\/p>\n\n\n\n<p>Recientemente, el Gobierno mexicano inform\u00f3 que los trabajos para recuperar los cuerpos de estos mineros que quedaron sepultados el pasado 3 de agosto en la mina de El Pinabete en el estado mexicano de Coahuila, norte del pa\u00eds, siguen adelante.<\/p>\n","protected":false},"excerpt":{"rendered":"<p>jueves, 22 de diciembre de 2022 Rescatan el cuerpo de un operador de retroexcavadora que&#8230;<\/p>\n","protected":false},"author":3,"featured_media":54343,"comment_status":"closed","ping_status":"closed","sticky":false,"template":"","format":"standard","meta":{"footnotes":""},"categories":[4],"tags":[],"class_list":["post-54342","post","type-post","status-publish","format-standard","has-post-thumbnail","hentry","category-noticias-del-dia"],"_links":{"self":[{"href":"https:\/\/bambapolitica.com.mx\/index.php\/wp-json\/wp\/v2\/posts\/54342","targetHints":{"allow":["GET"]}}],"collection":[{"href":"https:\/\/bambapolitica.com.mx\/index.php\/wp-json\/wp\/v2\/posts"}],"about":[{"href":"https:\/\/bambapolitica.com.mx\/index.php\/wp-json\/wp\/v2\/types\/post"}],"author":[{"embeddable":true,"href":"https:\/\/bambapolitica.com.mx\/index.php\/wp-json\/wp\/v2\/users\/3"}],"replies":[{"embeddable":true,"href":"https:\/\/bambapolitica.com.mx\/index.php\/wp-json\/wp\/v2\/comments?post=54342"}],"version-history":[{"count":1,"href":"https:\/\/bambapolitica.com.mx\/index.php\/wp-json\/wp\/v2\/posts\/54342\/revisions"}],"predecessor-version":[{"id":54344,"href":"https:\/\/bambapolitica.com.mx\/index.php\/wp-json\/wp\/v2\/posts\/54342\/revisions\/54344"}],"wp:featuredmedia":[{"embeddable":true,"href":"https:\/\/bambapolitica.com.mx\/index.php\/wp-json\/wp\/v2\/media\/54343"}],"wp:attachment":[{"href":"https:\/\/bambapolitica.com.mx\/index.php\/wp-json\/wp\/v2\/media?parent=54342"}],"wp:term":[{"taxonomy":"category","embeddable":true,"href":"https:\/\/bambapolitica.com.mx\/index.php\/wp-json\/wp\/v2\/categories?post=54342"},{"taxonomy":"post_tag","embeddable":true,"href":"https:\/\/bambapolitica.com.mx\/index.php\/wp-json\/wp\/v2\/tags?post=54342"}],"curies":[{"name":"wp","href":"https:\/\/api.w.org\/{rel}","templated":true}]}}