{"id":54345,"date":"2022-12-22T09:20:24","date_gmt":"2022-12-22T15:20:24","guid":{"rendered":"http:\/\/bambapolitica.com.mx\/?p=54345"},"modified":"2022-12-22T09:21:51","modified_gmt":"2022-12-22T15:21:51","slug":"en-quintana-roo-se-han-recolectado-52-mil-toneladas-de-sargazo-durante-2022-marina","status":"publish","type":"post","link":"https:\/\/bambapolitica.com.mx\/index.php\/2022\/12\/22\/en-quintana-roo-se-han-recolectado-52-mil-toneladas-de-sargazo-durante-2022-marina\/","title":{"rendered":"En Quintana Roo se han recolectado 52 mil toneladas de sargazo durante 2022: Marina"},"content":{"rendered":"\n<p>jueves, 22 de diciembre de 2022<\/p>\n\n\n\n<p>Jos\u00e9 Rafael Ojeda, titular de Semar, detall\u00f3 que en la atenci\u00f3n al sargazo hay una gran coordinaci\u00f3n entre estados, municipios y Federaci\u00f3n.<\/p>\n\n\n\n<p><br>Jos\u00e9 Rafael Ojeda Dur\u00e1n, secretario de Marina (Semar), detall\u00f3 que en lo que va del 2022 han sido recolectadas un total de 52 mil 647 toneladas de sargazo en el estado de Quintana Roo.<br>En la conferencia matutina celebrada en Chetumal, estado de Quintana Roo, el titular de la Secretar\u00eda de Marina detall\u00f3 que en la estrategia para atenci\u00f3n de sargazo hay una gran coordinaci\u00f3n entre los estados, municipios y el Gobierno Federal.<\/p>\n\n\n\n<p>\u201cEn 2019 fue cuando m\u00e1s se recolect\u00f3, 85 mil 495 toneladas, (\u2026) este a\u00f1o fueron 52 mil 647 toneladas de sargazo\u201d, apunt\u00f3 la ma\u00f1ana de este jueves.<\/p>\n\n\n\n<p>\u201cLa Semar tiene un promedio de 350 elementos desplegados durante la temporada del sargazo y personal civil 618, los cuales han ido aumentando por el gran apoyo de los municipios y desde luego del gobierno estatal\u201d, apunt\u00f3.<\/p>\n\n\n\n<p>Ojeda Dur\u00e1n apunt\u00f3 que actualmente se cuenta con cuatro barredoras, 16 embarcaciones, 11 buques sargaceros, un buque de apoyo y un buque sargazero oce\u00e1nico, ambos de la Semar, as\u00ed como 9 mil 50 metros de barreras contenedoras de sargazo<\/p>\n","protected":false},"excerpt":{"rendered":"<p>jueves, 22 de diciembre de 2022 Jos\u00e9 Rafael Ojeda, titular de Semar, detall\u00f3 que en&#8230;<\/p>\n","protected":false},"author":3,"featured_media":54348,"comment_status":"closed","ping_status":"closed","sticky":false,"template":"","format":"standard","meta":{"footnotes":""},"categories":[4],"tags":[],"class_list":["post-54345","post","type-post","status-publish","format-standard","has-post-thumbnail","hentry","category-noticias-del-dia"],"_links":{"self":[{"href":"https:\/\/bambapolitica.com.mx\/index.php\/wp-json\/wp\/v2\/posts\/54345","targetHints":{"allow":["GET"]}}],"collection":[{"href":"https:\/\/bambapolitica.com.mx\/index.php\/wp-json\/wp\/v2\/posts"}],"about":[{"href":"https:\/\/bambapolitica.com.mx\/index.php\/wp-json\/wp\/v2\/types\/post"}],"author":[{"embeddable":true,"href":"https:\/\/bambapolitica.com.mx\/index.php\/wp-json\/wp\/v2\/users\/3"}],"replies":[{"embeddable":true,"href":"https:\/\/bambapolitica.com.mx\/index.php\/wp-json\/wp\/v2\/comments?post=54345"}],"version-history":[{"count":1,"href":"https:\/\/bambapolitica.com.mx\/index.php\/wp-json\/wp\/v2\/posts\/54345\/revisions"}],"predecessor-version":[{"id":54347,"href":"https:\/\/bambapolitica.com.mx\/index.php\/wp-json\/wp\/v2\/posts\/54345\/revisions\/54347"}],"wp:featuredmedia":[{"embeddable":true,"href":"https:\/\/bambapolitica.com.mx\/index.php\/wp-json\/wp\/v2\/media\/54348"}],"wp:attachment":[{"href":"https:\/\/bambapolitica.com.mx\/index.php\/wp-json\/wp\/v2\/media?parent=54345"}],"wp:term":[{"taxonomy":"category","embeddable":true,"href":"https:\/\/bambapolitica.com.mx\/index.php\/wp-json\/wp\/v2\/categories?post=54345"},{"taxonomy":"post_tag","embeddable":true,"href":"https:\/\/bambapolitica.com.mx\/index.php\/wp-json\/wp\/v2\/tags?post=54345"}],"curies":[{"name":"wp","href":"https:\/\/api.w.org\/{rel}","templated":true}]}}