{"id":54355,"date":"2022-12-22T09:34:16","date_gmt":"2022-12-22T15:34:16","guid":{"rendered":"http:\/\/bambapolitica.com.mx\/?p=54355"},"modified":"2022-12-23T10:42:50","modified_gmt":"2022-12-23T16:42:50","slug":"queman-arbol-de-navidad-en-santiago-niltepec-en-oaxaca","status":"publish","type":"post","link":"https:\/\/bambapolitica.com.mx\/index.php\/2022\/12\/22\/queman-arbol-de-navidad-en-santiago-niltepec-en-oaxaca\/","title":{"rendered":"Queman \u00e1rbol de Navidad en Santiago Niltepec en Oaxaca"},"content":{"rendered":"\n<p>viernes, 23 de diciembre de 2022<\/p>\n\n\n\n<p>El alcalde lament\u00f3 el incidente y puntualiz\u00f3 que se trata de un atentado al trabajo de los productores, pues el pino navide\u00f1o se hab\u00eda elaborado con los productos ecol\u00f3gicos que se cosechan en Niltepec como sorgo, sand\u00eda y mel\u00f3n.<\/p>\n\n\n\n<p><br>Hombres desconocidos realizaron actos vand\u00e1licos y prendieron fuego al \u00e1rbol de Navidad que estaba en el centro del municipio de Santiago Niltepec en la regi\u00f3n del Istmo de Tehuantepec en Oaxaca.<\/p>\n\n\n\n<p>El ataque ocurri\u00f3 durante la madrugada de este mi\u00e9rcoles 21 de diciembre, y tras los disturbios el \u00e1rbol navide\u00f1o qued\u00f3 reducido a cenizas.<\/p>\n\n\n\n<p>Por su parte, Froyl\u00e1n Medina Santos, presidente municipal de Santiago Niltepec, denunci\u00f3 que acto vand\u00e1lico fue provocado por opositores al partido pol\u00edtico Movimiento de Regeneraci\u00f3n Nacional (Morena).<br>El alcalde lament\u00f3 el incidente y puntualiz\u00f3 que se trata de un atentado al trabajo de los productores, pues el pino navide\u00f1o se hab\u00eda elaborado con los productos ecol\u00f3gicos que se cosechan en Niltepec como sorgo, sand\u00eda y mel\u00f3n.<\/p>\n\n\n\n<p>Indic\u00f3 que pese a los intentos por controlar el fuego, los fuertes vientos registrados durante noche en la zona hicieron que las llamas crecieran y acabaran con el \u00e1rbol, pese a las acciones de los polic\u00edas y vecinos que con cubetas de agua buscaron controlar el siniestro.<\/p>\n\n\n\n<p>&#8220;Lamentamos y condenamos energ\u00e9ticamente estos hechos delictivos que atentan contra el pueblo de NILTEPEC, la noche de este martes 20 de diciembre, fue atacado el pino navide\u00f1o que con esfuerzos los colaboradores del H. Ayuntamiento construyeron, le prendieron fuego y qued\u00f3 calcinado, personas que no comparten la ideolog\u00eda pol\u00edtica y partidista, se atreven a sacar su frustraci\u00f3n con estos hechos, debido a que el presidente municipal LIC FROYLAN MEDINA SANTOS Y SU CABILDO, est\u00e1n haciendo obras y acciones de gran impacto en el municipio, que en administraciones pasadas no se hab\u00edan realizado, Pronto se sabr\u00e1 quienes fueron&#8221;, se lee en una publicaci\u00f3n en la p\u00e1gina oficial del Ayuntamiento de Santiago Niltepec, Oaxaca.<br>El caso fue integrado a una carpeta de investigaci\u00f3n en la Vicefiscal\u00eda Regional de Justicia para que exista una sanci\u00f3n para los responsables de este hecho.<\/p>\n\n\n\n<p>En la denuncia el presidente municipal de Santiago Niltepec denunci\u00f3 como responsables a personas de otros partidos contrarios a Morena que est\u00e1n inconformes por las acciones de progreso que se han realizado en la comunidad a favor de quienes menos tienen y se ha combatido la corrupci\u00f3n de administraciones pasadas.<\/p>\n","protected":false},"excerpt":{"rendered":"<p>viernes, 23 de diciembre de 2022 El alcalde lament\u00f3 el incidente y puntualiz\u00f3 que se&#8230;<\/p>\n","protected":false},"author":3,"featured_media":54356,"comment_status":"closed","ping_status":"closed","sticky":false,"template":"","format":"standard","meta":{"footnotes":""},"categories":[2],"tags":[],"class_list":["post-54355","post","type-post","status-publish","format-standard","has-post-thumbnail","hentry","category-policiaca"],"_links":{"self":[{"href":"https:\/\/bambapolitica.com.mx\/index.php\/wp-json\/wp\/v2\/posts\/54355","targetHints":{"allow":["GET"]}}],"collection":[{"href":"https:\/\/bambapolitica.com.mx\/index.php\/wp-json\/wp\/v2\/posts"}],"about":[{"href":"https:\/\/bambapolitica.com.mx\/index.php\/wp-json\/wp\/v2\/types\/post"}],"author":[{"embeddable":true,"href":"https:\/\/bambapolitica.com.mx\/index.php\/wp-json\/wp\/v2\/users\/3"}],"replies":[{"embeddable":true,"href":"https:\/\/bambapolitica.com.mx\/index.php\/wp-json\/wp\/v2\/comments?post=54355"}],"version-history":[{"count":2,"href":"https:\/\/bambapolitica.com.mx\/index.php\/wp-json\/wp\/v2\/posts\/54355\/revisions"}],"predecessor-version":[{"id":54466,"href":"https:\/\/bambapolitica.com.mx\/index.php\/wp-json\/wp\/v2\/posts\/54355\/revisions\/54466"}],"wp:featuredmedia":[{"embeddable":true,"href":"https:\/\/bambapolitica.com.mx\/index.php\/wp-json\/wp\/v2\/media\/54356"}],"wp:attachment":[{"href":"https:\/\/bambapolitica.com.mx\/index.php\/wp-json\/wp\/v2\/media?parent=54355"}],"wp:term":[{"taxonomy":"category","embeddable":true,"href":"https:\/\/bambapolitica.com.mx\/index.php\/wp-json\/wp\/v2\/categories?post=54355"},{"taxonomy":"post_tag","embeddable":true,"href":"https:\/\/bambapolitica.com.mx\/index.php\/wp-json\/wp\/v2\/tags?post=54355"}],"curies":[{"name":"wp","href":"https:\/\/api.w.org\/{rel}","templated":true}]}}