{"id":54361,"date":"2022-12-22T09:41:38","date_gmt":"2022-12-22T15:41:38","guid":{"rendered":"http:\/\/bambapolitica.com.mx\/?p=54361"},"modified":"2022-12-23T10:41:09","modified_gmt":"2022-12-23T16:41:09","slug":"hombre-acuchilla-a-mujer-en-torreon-presuntamente-lo-mandaron-a-matarla","status":"publish","type":"post","link":"https:\/\/bambapolitica.com.mx\/index.php\/2022\/12\/22\/hombre-acuchilla-a-mujer-en-torreon-presuntamente-lo-mandaron-a-matarla\/","title":{"rendered":"Hombre acuchilla a mujer en Torre\u00f3n; presuntamente lo mandaron a matarla"},"content":{"rendered":"\n<p>viernes, 23 de diciembre de 2022<\/p>\n\n\n\n<p>Lleg\u00f3 el agresor en un autom\u00f3vil color negro y le dijo que lo hab\u00edan mandado a matarla.<br>Una mujer fue agredida con un arma blanca por un ex vecino que adem\u00e1s la amenaz\u00f3 de muerte.<\/p>\n\n\n\n<p>Los hechos ocurrieron a las 10 con 15 minutos de la noche del mi\u00e9rcoles en el circuito de Los Claveles del fraccionamiento Quintas Los Laureles al oriente de la ciudad de Torre\u00f3n.<\/p>\n\n\n\n<p>Seg\u00fan cuenta la afectada de nombre Laura Estefan\u00eda de 30 a\u00f1os de edad ella se encontraba afuera de su domicilio cuando lleg\u00f3 el agresor en un autom\u00f3vil color negro y le dijo que lo hab\u00edan mandado a matarla para acto seguido atacarla con un cuchillo alcanzando a herirla en un muslo de la pierna derecha.<\/p>\n\n\n\n<p>La mujer rechaz\u00f3 ir a un hospital<br>Laura alcanz\u00f3 a huir para resguardarse dentro de su vivienda mientras que su agresor escap\u00f3 con rumbo desconocido. Ella solicit\u00f3 auxilio al 911 acudiendo patrullas de la Direcci\u00f3n de Seguridad P\u00fablica Municipal y una ambulancia de Cruz Roja Mexicana, param\u00e9dicos de la benem\u00e9rita instituci\u00f3n atendieron a la lesionada pero ella rechaz\u00f3 ser trasladada a un hospital para su atenci\u00f3n y valoraci\u00f3n m\u00e9dica a pesar de que el corte recibido requer\u00eda de sutura.<\/p>\n\n\n\n<p>Los oficiales municipales le recomendaron a la v\u00edctima interponer una denuncia en contra de quien resulte responsable ante la Fiscal\u00eda General del Estado antes de retirarse del lugar.<br>Joven result\u00f3 con herida en la cabeza en otro hecho de violencia<\/p>\n\n\n\n<p>En otro hecho separado de violencia una pelea entre esposos termino con un herido al golpearse la cabeza con un mueble.<\/p>\n\n\n\n<p>Esto ocurri\u00f3 a las cero horas de la madrugada del mi\u00e9rcoles en el domicilio marcado con el n\u00famero 909 de la calle Ebonimo en la colonia Jardines Universidad.<\/p>\n\n\n\n<p>Al llamado acudi\u00f3 una patrulla de Seguridad P\u00fablica Municipal y una ambulancia de Cruz Roja Mexicana para atender de un peque\u00f1o corte en la cabeza a un joven llamado \u00c1ngel de 24 a\u00f1os de edad.<br>Seg\u00fan relat\u00f3 el lesionado su pareja lo avent\u00f3 al estar discutiendo por que lleg\u00f3 tarde a casa y \u00e9l se peg\u00f3 en la cabeza con una vitrina provocando una herida sangrante que no requiri\u00f3 ni sutura o traslado a un hospital.<\/p>\n\n\n\n<p>Al final los oficiales se retiraron luego de que los \u00e1nimos se calmaran entre los involucrados.<\/p>\n","protected":false},"excerpt":{"rendered":"<p>viernes, 23 de diciembre de 2022 Lleg\u00f3 el agresor en un autom\u00f3vil color negro y&#8230;<\/p>\n","protected":false},"author":3,"featured_media":54362,"comment_status":"closed","ping_status":"closed","sticky":false,"template":"","format":"standard","meta":{"footnotes":""},"categories":[2],"tags":[],"class_list":["post-54361","post","type-post","status-publish","format-standard","has-post-thumbnail","hentry","category-policiaca"],"_links":{"self":[{"href":"https:\/\/bambapolitica.com.mx\/index.php\/wp-json\/wp\/v2\/posts\/54361","targetHints":{"allow":["GET"]}}],"collection":[{"href":"https:\/\/bambapolitica.com.mx\/index.php\/wp-json\/wp\/v2\/posts"}],"about":[{"href":"https:\/\/bambapolitica.com.mx\/index.php\/wp-json\/wp\/v2\/types\/post"}],"author":[{"embeddable":true,"href":"https:\/\/bambapolitica.com.mx\/index.php\/wp-json\/wp\/v2\/users\/3"}],"replies":[{"embeddable":true,"href":"https:\/\/bambapolitica.com.mx\/index.php\/wp-json\/wp\/v2\/comments?post=54361"}],"version-history":[{"count":2,"href":"https:\/\/bambapolitica.com.mx\/index.php\/wp-json\/wp\/v2\/posts\/54361\/revisions"}],"predecessor-version":[{"id":54463,"href":"https:\/\/bambapolitica.com.mx\/index.php\/wp-json\/wp\/v2\/posts\/54361\/revisions\/54463"}],"wp:featuredmedia":[{"embeddable":true,"href":"https:\/\/bambapolitica.com.mx\/index.php\/wp-json\/wp\/v2\/media\/54362"}],"wp:attachment":[{"href":"https:\/\/bambapolitica.com.mx\/index.php\/wp-json\/wp\/v2\/media?parent=54361"}],"wp:term":[{"taxonomy":"category","embeddable":true,"href":"https:\/\/bambapolitica.com.mx\/index.php\/wp-json\/wp\/v2\/categories?post=54361"},{"taxonomy":"post_tag","embeddable":true,"href":"https:\/\/bambapolitica.com.mx\/index.php\/wp-json\/wp\/v2\/tags?post=54361"}],"curies":[{"name":"wp","href":"https:\/\/api.w.org\/{rel}","templated":true}]}}