{"id":54364,"date":"2022-12-22T09:44:36","date_gmt":"2022-12-22T15:44:36","guid":{"rendered":"http:\/\/bambapolitica.com.mx\/?p=54364"},"modified":"2022-12-23T10:42:18","modified_gmt":"2022-12-23T16:42:18","slug":"accidente-en-victoria-deja-15-lesionados-y-2-muertos-un-menor-murio","status":"publish","type":"post","link":"https:\/\/bambapolitica.com.mx\/index.php\/2022\/12\/22\/accidente-en-victoria-deja-15-lesionados-y-2-muertos-un-menor-murio\/","title":{"rendered":"Accidente en Victoria deja 15 lesionados y 2 muertos; un menor muri\u00f3"},"content":{"rendered":"\n<p>viernes, 23 de diciembre de 2022<\/p>\n\n\n\n<p>El chofer, presunto responsable, tambi\u00e9n fue llevado a un nosocomio, donde quedarse en calidad de detenido, hasta que la Fiscal\u00eda indique su situaci\u00f3n jur\u00eddica.<\/p>\n\n\n\n<p><br>Un fuerte accidente carretero en la carretera Rumbo Nuevo en Ciudad Victoria dej\u00f3 dos personas sin vida y al menos 15 personas lesionadas. De acuerdo con los cuerpos de rescate, en los veh\u00edculos involucrados viajaban paisanos y un grupo religioso.<\/p>\n\n\n\n<p>Los hechos se registraron este jueves, cuando un el religioso conformado por 13 personas, viajaban en una camioneta tipo urban color blanca, que hab\u00edan salido de Victoria con rumbo a Xilitla, San Luis Potos\u00ed.<br>\u00bfC\u00f3mo ocurrieron los hechos?<br>Todo parece indicar que al llegar al entronque entre Rumbo Nuevo y la antigua carretera al Mante, el conductor de la van, no hizo el alto correspondiente, lo que gener\u00f3 que fuera embestido por una camioneta Pick Up, blanca, donde se trasladaban seis personas, todos paisanos que se dirig\u00edan con rumbo al sur del pa\u00eds a pasar las fiestas de navidad.<\/p>\n\n\n\n<p>Debido al fuerte choque ambas unidades terminaron volcadas, lo que moviliz\u00f3 una gran cantidad de unidades de rescate, de Bomberos, Protecci\u00f3n Civil y la Cruz Roja, que al llegar al lugar tuvieron que rescatar algunas personas que se encontraban al interior de la van.<br>\u00bfQui\u00e9nes murieron?<\/p>\n\n\n\n<p>Por ahora se ha indicado que en el sitio del accidente se encontraron dos personas sin vida entre ellos un menor que viajaban en la camioneta, adem\u00e1s de que se atendieron a por lo menos 15 personas lesionadas, algunas de ellas fueron trasladadas a un hospital.<\/p>\n\n\n\n<p>El chofer, presunto responsable, tambi\u00e9n fue llevado a un nosocomio, donde quedarse en calidad de detenido, hasta que la Fiscal\u00eda General De Justicia de Tamaulipas indique su situaci\u00f3n jur\u00eddica.<\/p>\n\n\n\n<p>Elementos de la Polic\u00eda Investigadora llegaron al lugar de los hechos, pues se abri\u00f3 una carpeta indagatoria, para establecer la responsabilidad de los hechos, pues el conductor de la van asegura que hizo su alto correspondiente, sin embargo, el de la camioneta Pick Up iba a exceso de velocidad.<\/p>\n","protected":false},"excerpt":{"rendered":"<p>viernes, 23 de diciembre de 2022 El chofer, presunto responsable, tambi\u00e9n fue llevado a un&#8230;<\/p>\n","protected":false},"author":3,"featured_media":54365,"comment_status":"closed","ping_status":"closed","sticky":false,"template":"","format":"standard","meta":{"footnotes":""},"categories":[2],"tags":[],"class_list":["post-54364","post","type-post","status-publish","format-standard","has-post-thumbnail","hentry","category-policiaca"],"_links":{"self":[{"href":"https:\/\/bambapolitica.com.mx\/index.php\/wp-json\/wp\/v2\/posts\/54364","targetHints":{"allow":["GET"]}}],"collection":[{"href":"https:\/\/bambapolitica.com.mx\/index.php\/wp-json\/wp\/v2\/posts"}],"about":[{"href":"https:\/\/bambapolitica.com.mx\/index.php\/wp-json\/wp\/v2\/types\/post"}],"author":[{"embeddable":true,"href":"https:\/\/bambapolitica.com.mx\/index.php\/wp-json\/wp\/v2\/users\/3"}],"replies":[{"embeddable":true,"href":"https:\/\/bambapolitica.com.mx\/index.php\/wp-json\/wp\/v2\/comments?post=54364"}],"version-history":[{"count":2,"href":"https:\/\/bambapolitica.com.mx\/index.php\/wp-json\/wp\/v2\/posts\/54364\/revisions"}],"predecessor-version":[{"id":54465,"href":"https:\/\/bambapolitica.com.mx\/index.php\/wp-json\/wp\/v2\/posts\/54364\/revisions\/54465"}],"wp:featuredmedia":[{"embeddable":true,"href":"https:\/\/bambapolitica.com.mx\/index.php\/wp-json\/wp\/v2\/media\/54365"}],"wp:attachment":[{"href":"https:\/\/bambapolitica.com.mx\/index.php\/wp-json\/wp\/v2\/media?parent=54364"}],"wp:term":[{"taxonomy":"category","embeddable":true,"href":"https:\/\/bambapolitica.com.mx\/index.php\/wp-json\/wp\/v2\/categories?post=54364"},{"taxonomy":"post_tag","embeddable":true,"href":"https:\/\/bambapolitica.com.mx\/index.php\/wp-json\/wp\/v2\/tags?post=54364"}],"curies":[{"name":"wp","href":"https:\/\/api.w.org\/{rel}","templated":true}]}}