{"id":54367,"date":"2022-12-22T09:47:16","date_gmt":"2022-12-22T15:47:16","guid":{"rendered":"http:\/\/bambapolitica.com.mx\/?p=54367"},"modified":"2022-12-23T10:40:49","modified_gmt":"2022-12-23T16:40:49","slug":"que-paso-presidente-amlo-reclama-a-biden-por-usar-america-en-bienvenida-a-zelenski","status":"publish","type":"post","link":"https:\/\/bambapolitica.com.mx\/index.php\/2022\/12\/22\/que-paso-presidente-amlo-reclama-a-biden-por-usar-america-en-bienvenida-a-zelenski\/","title":{"rendered":"\u00bfQu\u00e9 pas\u00f3, presidente?\u201d: AMLO reclama a Biden por usar \u201cAm\u00e9rica\u201d en bienvenida a Zelenski"},"content":{"rendered":"\n<p>viernes, 23 de diciembre de 2022<\/p>\n\n\n\n<p>L\u00f3pez Obrador reclam\u00f3 a su hom\u00f3logo de EE.UU., Joe Biden, por recibir al mandatario ucraniano Zelenski y decirle \u201cBienvenido a Am\u00e9rica\u201d<\/p>\n\n\n\n<p><br>El presidente de M\u00e9xico, Andr\u00e9s Manuel L\u00f3pez Obrador, critic\u00f3 a su hom\u00f3logo estadounidense, Joe Biden, por darle la bienvenida en su pa\u00eds al mandatario ucraniano, Volod\u00edmir Zelenski, usando la palabra \u201cAm\u00e9rica\u201d en referencia \u00fanicamente a EE.UU.<\/p>\n\n\n\n<p><br>En la conferencia matutina llevada a cabo en Chetumal, estado de Quintana Roo, L\u00f3pez Obrador dej\u00f3 en claro que Am\u00e9rica somos todos los pa\u00edses que la integramos, y no nada m\u00e1s Estados Unidos.<\/p>\n\n\n\n<p>\u201cAyer mismo, llega el presidente de Ucrania y mi presidente, porque lo estimo, de Estados Unidos, que me dice constantemente que debemos tener una relaci\u00f3n con un pie de igualdad, pone en su Twitter y le dice el presidente de Ucrania \u2018bienvenido a Am\u00e9rica\u2019. \u00bfQu\u00e9 pas\u00f3, presidente Biden? Con todo respeto, Am\u00e9rica somos todos\u201c, dijo.<\/p>\n\n\n\n<p>Y suele pasar en Europa y en otras partes cuando se habla de Am\u00e9rica pues es Estados Unidos, pero Am\u00e9rica es el Per\u00fa, es Guatemala, y es Belice, y es M\u00e9xico. Y yo no digo que se le d\u00e9 la bienvenida a un presidente, lo que no me gusta es el modito\u201d, expuso.<\/p>\n\n\n\n<p>\u00bfC\u00f3mo que bienvenido a Am\u00e9rica? Vamos a empezar a cambiar ya eso. Es bienvenido Estados Unidos y bienvenido a M\u00e9xico, bienvenido a Per\u00fa\u201d, puntualiz\u00f3.<\/p>\n","protected":false},"excerpt":{"rendered":"<p>viernes, 23 de diciembre de 2022 L\u00f3pez Obrador reclam\u00f3 a su hom\u00f3logo de EE.UU., Joe&#8230;<\/p>\n","protected":false},"author":3,"featured_media":54368,"comment_status":"closed","ping_status":"closed","sticky":false,"template":"","format":"standard","meta":{"footnotes":""},"categories":[5],"tags":[],"class_list":["post-54367","post","type-post","status-publish","format-standard","has-post-thumbnail","hentry","category-internacional"],"_links":{"self":[{"href":"https:\/\/bambapolitica.com.mx\/index.php\/wp-json\/wp\/v2\/posts\/54367","targetHints":{"allow":["GET"]}}],"collection":[{"href":"https:\/\/bambapolitica.com.mx\/index.php\/wp-json\/wp\/v2\/posts"}],"about":[{"href":"https:\/\/bambapolitica.com.mx\/index.php\/wp-json\/wp\/v2\/types\/post"}],"author":[{"embeddable":true,"href":"https:\/\/bambapolitica.com.mx\/index.php\/wp-json\/wp\/v2\/users\/3"}],"replies":[{"embeddable":true,"href":"https:\/\/bambapolitica.com.mx\/index.php\/wp-json\/wp\/v2\/comments?post=54367"}],"version-history":[{"count":2,"href":"https:\/\/bambapolitica.com.mx\/index.php\/wp-json\/wp\/v2\/posts\/54367\/revisions"}],"predecessor-version":[{"id":54462,"href":"https:\/\/bambapolitica.com.mx\/index.php\/wp-json\/wp\/v2\/posts\/54367\/revisions\/54462"}],"wp:featuredmedia":[{"embeddable":true,"href":"https:\/\/bambapolitica.com.mx\/index.php\/wp-json\/wp\/v2\/media\/54368"}],"wp:attachment":[{"href":"https:\/\/bambapolitica.com.mx\/index.php\/wp-json\/wp\/v2\/media?parent=54367"}],"wp:term":[{"taxonomy":"category","embeddable":true,"href":"https:\/\/bambapolitica.com.mx\/index.php\/wp-json\/wp\/v2\/categories?post=54367"},{"taxonomy":"post_tag","embeddable":true,"href":"https:\/\/bambapolitica.com.mx\/index.php\/wp-json\/wp\/v2\/tags?post=54367"}],"curies":[{"name":"wp","href":"https:\/\/api.w.org\/{rel}","templated":true}]}}