{"id":54370,"date":"2022-12-22T10:00:42","date_gmt":"2022-12-22T16:00:42","guid":{"rendered":"http:\/\/bambapolitica.com.mx\/?p=54370"},"modified":"2022-12-23T10:40:30","modified_gmt":"2022-12-23T16:40:30","slug":"crisis-politica-en-peru-por-golpe-del-conservadurismo-amlo","status":"publish","type":"post","link":"https:\/\/bambapolitica.com.mx\/index.php\/2022\/12\/22\/crisis-politica-en-peru-por-golpe-del-conservadurismo-amlo\/","title":{"rendered":"Crisis pol\u00edtica en Per\u00fa, \u201cpor golpe del conservadurismo\u201d: AMLO"},"content":{"rendered":"\n<p>viernes, 23 de diciembre de 2022<\/p>\n\n\n\n<p>Crisis pol\u00edtica en Per\u00fa, \u201cpor golpe del conservadurismo\u201d: AMLO<br>El presidente L\u00f3pez Obrador dej\u00f3 en claro que los conservadores en Per\u00fa, al igual que en M\u00e9xico, \u201cson clasistas, racistas y muy corruptos\u201d<\/p>\n\n\n\n<p><br>El presidente de M\u00e9xico Andr\u00e9s Manuel L\u00f3pez Obrador, dej\u00f3 en claro que la crisis pol\u00edtica que se desat\u00f3 en Per\u00fa, tras la destituci\u00f3n del expresidente Pedro Castillo, fue un \u201cgolpe del conservadurismo\u201d que existe en dicho pa\u00eds.<\/p>\n\n\n\n<p>Ya hemos dado nuestro punto de vista, sostenemos lo mismo: que fue una golpe del conservadurismo del Per\u00fa, de los mandam\u00e1s del Per\u00fa, que como los conservadores de M\u00e9xico y de otros pa\u00edses son clasistas, racistas y muy corruptos, porque lo que est\u00e1 de por medio son los intereses econ\u00f3micos que predominan en Per\u00fa y en M\u00e9xico\u201d, dijo.<\/p>\n\n\n\n<p>\u201cSon las \u00e9lites, las oligarqu\u00edas de los pa\u00edses no solo del continente americano sino del mundo, que est\u00e1n acostumbrados a saquear y a robar a sus anchas y que no les importan los pueblos. Utilizan a los pueblos como instrumentos para facilitar el saqueo, el robo, y cuando una gente del pueblo llega por decisi\u00f3n del mismo pueblo al Gobierno, le hacen la vida imposible\u201d, puntualiz\u00f3.<br>En la conferencia matutina llevada a cabo en Chetumal, estado de Quintana Roo, L\u00f3pez Obrador detall\u00f3 que en M\u00e9xico \u201cse acab\u00f3 el tiempo\u201d en el que la oligarqu\u00eda saqueaba al pueblo.<\/p>\n\n\n\n<p>\u201cAqu\u00ed lo estamos padeciendo, pero afortunadamente la mayor\u00eda del pueblo de M\u00e9xico est\u00e1 consciente y ya no quiere que siga una oligarqu\u00eda saqueando a M\u00e9xico, y empobreciendo y humillando a nuestro pueblo, ya se acab\u00f3 eso, hemos iniciado una etapa nueva con una aut\u00e9ntica democracia\u201d, indic\u00f3.<\/p>\n\n\n\n<p>\u201cAqu\u00ed manda el pueblo, no la oligarqu\u00eda, no los que se sent\u00edan due\u00f1os de M\u00e9xico. Por eso est\u00e1n muy molestos y se han agrupado con sus partidos, sus achichincles, su medios de informaci\u00f3n, con sus voceros, y hay toda una campa\u00f1a en contra en los medios, con honrosas excepciones para o generalizar\u201d, expuso.<\/p>\n\n\n\n<p>El primer ministro peruano, Alberto Ot\u00e1rola, pidi\u00f3 este mi\u00e9rcoles al presidente L\u00f3pez Obrador, que \u201cpare de referirse a Per\u00fa\u201c, horas despu\u00e9s de que el mandatario dijera que el Ejecutivo del pa\u00eds andino es \u201cmuy cuestionado\u201d por \u201coptar por la represi\u00f3n\u201d.<\/p>\n\n\n\n<p>\u201cHacemos un llamado a que el se\u00f1or L\u00f3pez pare de referirse al Per\u00fa, porque hemos conseguido con mucho esfuerzo que nuestro pa\u00eds est\u00e9 en paz y no vamos a permitir que personas que no tienen ninguna relaci\u00f3n con el gobierno de Per\u00fa puedan manifestarse causando incesante intromisi\u00f3n en los asuntos de Per\u00fa\u201d, dijo Ot\u00e1rola en una rueda de prensa.<\/p>\n\n\n\n<p>En este sentido, recalc\u00f3 que la Canciller\u00eda \u201cha conducido este proceso\u201d con M\u00e9xico y lament\u00f3 que \u201cun pa\u00eds hermano\u201d con el que ha tenido \u201cv\u00ednculos hist\u00f3ricos y culturales a lo largo de muchos a\u00f1os\u201d haya llegado a un estado que calific\u00f3 de \u201clamentable\u201d.<\/p>\n\n\n\n<p>A juicio de Ot\u00e1rola, esa situaci\u00f3n se debe \u201cal se\u00f1or L\u00f3pez\u201d y mostr\u00f3 su confianza en que esta situaci\u00f3n \u201cameng\u00fce\u201d.<\/p>\n","protected":false},"excerpt":{"rendered":"<p>viernes, 23 de diciembre de 2022 Crisis pol\u00edtica en Per\u00fa, \u201cpor golpe del conservadurismo\u201d: AMLOEl&#8230;<\/p>\n","protected":false},"author":3,"featured_media":54371,"comment_status":"closed","ping_status":"closed","sticky":false,"template":"","format":"standard","meta":{"footnotes":""},"categories":[5],"tags":[],"class_list":["post-54370","post","type-post","status-publish","format-standard","has-post-thumbnail","hentry","category-internacional"],"_links":{"self":[{"href":"https:\/\/bambapolitica.com.mx\/index.php\/wp-json\/wp\/v2\/posts\/54370","targetHints":{"allow":["GET"]}}],"collection":[{"href":"https:\/\/bambapolitica.com.mx\/index.php\/wp-json\/wp\/v2\/posts"}],"about":[{"href":"https:\/\/bambapolitica.com.mx\/index.php\/wp-json\/wp\/v2\/types\/post"}],"author":[{"embeddable":true,"href":"https:\/\/bambapolitica.com.mx\/index.php\/wp-json\/wp\/v2\/users\/3"}],"replies":[{"embeddable":true,"href":"https:\/\/bambapolitica.com.mx\/index.php\/wp-json\/wp\/v2\/comments?post=54370"}],"version-history":[{"count":2,"href":"https:\/\/bambapolitica.com.mx\/index.php\/wp-json\/wp\/v2\/posts\/54370\/revisions"}],"predecessor-version":[{"id":54461,"href":"https:\/\/bambapolitica.com.mx\/index.php\/wp-json\/wp\/v2\/posts\/54370\/revisions\/54461"}],"wp:featuredmedia":[{"embeddable":true,"href":"https:\/\/bambapolitica.com.mx\/index.php\/wp-json\/wp\/v2\/media\/54371"}],"wp:attachment":[{"href":"https:\/\/bambapolitica.com.mx\/index.php\/wp-json\/wp\/v2\/media?parent=54370"}],"wp:term":[{"taxonomy":"category","embeddable":true,"href":"https:\/\/bambapolitica.com.mx\/index.php\/wp-json\/wp\/v2\/categories?post=54370"},{"taxonomy":"post_tag","embeddable":true,"href":"https:\/\/bambapolitica.com.mx\/index.php\/wp-json\/wp\/v2\/tags?post=54370"}],"curies":[{"name":"wp","href":"https:\/\/api.w.org\/{rel}","templated":true}]}}