{"id":54373,"date":"2022-12-22T10:03:23","date_gmt":"2022-12-22T16:03:23","guid":{"rendered":"http:\/\/bambapolitica.com.mx\/?p=54373"},"modified":"2022-12-23T10:40:03","modified_gmt":"2022-12-23T16:40:03","slug":"2022-america-latina-abraza-a-la-izquierda-dejando-atras-el-fantasma-de-venezuela","status":"publish","type":"post","link":"https:\/\/bambapolitica.com.mx\/index.php\/2022\/12\/22\/2022-america-latina-abraza-a-la-izquierda-dejando-atras-el-fantasma-de-venezuela\/","title":{"rendered":"2022: Am\u00e9rica Latina abraza a la izquierda, dejando atr\u00e1s el fantasma de Venezuela"},"content":{"rendered":"\n<p>viernes, 23 de diciembre de 2022<\/p>\n\n\n\n<p>Am\u00e9rica Latina reafirm\u00f3 su giro hacia la izquierda en 2022; pero eso no garantiza un entendimiento monol\u00edtico para la regi\u00f3n<br>Am\u00e9rica Latina reafirm\u00f3 su giro hacia la izquierda en 2022, dejando atr\u00e1s el fantasma de Venezuela, de la mano de las victorias de Gustavo Petro en Colombia y Luiz In\u00e1cio Lula da Silva en Brasil, dos pesos pesados que sin embargo no garantizan un entendimiento monol\u00edtico para el futuro de la regi\u00f3n.<\/p>\n\n\n\n<p>Por primera vez, las potencias regionales est\u00e1n gobernadas por l\u00edderes vinculados al progresismo, pero los retos pol\u00edticos, sociales y econ\u00f3micos hacen dif\u00edcil una integraci\u00f3n coordinada, con realidades diversas en un contexto lejos de la bonanza de comienzos de siglo.<\/p>\n\n\n\n<p>\u201cEvidentemente ha habido un giro a la izquierda, pero hay que pensar en las causas\u201d, apunta a EFE el latinoamericanista de la Universidad de Georgetown Eric Langer, quien cree que esto \u201ctiene que ver con la incompetencia de los gobiernos anteriores\u201d.<\/p>\n\n\n\n<p>Hay un hartazgo, una ruptura, y aunque en casos como Colombia \u201cel proceso de paz ha hecho posible que Gustavo Petro sea presidente\u201d, lo cierto es que \u201cla izquierda se ha vacunado contra el ejemplo de Venezuela, que siempre el centroderecha hab\u00eda llevado a la mesa para tratar de asustar al electorado\u201d, agrega.<\/p>\n\n\n\n<p>Colombia y Brasil, los recientes<br>El pasado 7 de agosto Petro se convirti\u00f3 en el primer presidente colombiano de izquierdas, aunque con un discurso mucho m\u00e1s calmado y pragm\u00e1tico que cuando de joven militaba en la guerrilla del M-19.<\/p>\n\n\n\n<p>En su dimensi\u00f3n internacional Petro aparece como el gran aglutinador de Latinoam\u00e9rica, con banderas como el combate a la emergencia clim\u00e1tica, la defensa del Amazonas y un nuevo enfoque en la lucha contra el narcotr\u00e1fico, ideales que est\u00e1n en sinton\u00eda con otros gobiernos afines, como el que en breve asumir\u00e1 en Brasil.<\/p>\n\n\n\n<p>Consciente de que sin la derecha no pod\u00eda gobernar, Petro se ha reunido con algunos de sus principales detractores y ha forjado una coalici\u00f3n donde tienen cabida distintas visiones, en l\u00ednea con la praxis pol\u00edtica de su amigo Luiz In\u00e1cio Lula da Silva.<\/p>\n\n\n\n<p>El nuevo presidente brasile\u00f1o asumir\u00e1 el pr\u00f3ximo 1 de enero tras una estrecha victoria sobre la ultraderecha de Jair Bolsonaro, para lo que forj\u00f3 un variopinto frente pol\u00edtico con una docena de partidos de izquierda, centro e incluso derecha.<\/p>\n\n\n\n<p>Esto obligar\u00e1 a Lula a dar cabida en el Gobierno a grupos antagonistas e impondr\u00e1 templanza tanto en lo econ\u00f3mico como en lo pol\u00edtico, en l\u00ednea con la tendencia entre la mayor\u00eda de los nuevos gobernantes de la izquierda latinoamericana: la b\u00fasqueda del consenso y la moderaci\u00f3n.<\/p>\n\n\n\n<p>\u201cCon la falta de crecimiento en Am\u00e9rica Latina se ha demostrado que los gobiernos de derecha no han funcionado y la mayor\u00eda de los pa\u00edses han elegido a l\u00edderes de una izquierda m\u00e1s mesurada, m\u00e1s comedida\u201d, explica Langer.<\/p>\n\n\n\n<p>Per\u00fa o el desaf\u00edo de la reconstrucci\u00f3n<br>La nota discordante en esta sinton\u00eda en Am\u00e9rica Latina es Per\u00fa. La llegada al poder de Pedro Castillo en julio de 2021 dio acceso a un sector social tradicionalmente olvidado en la centralista Lima. Pero en a\u00f1o y medio de mandato ha sido una constante el enfrentamiento con el Congreso, escenario de la reacci\u00f3n contra un mandatario rechazado, en parte, por su origen.<\/p>\n\n\n\n<p>\u201cEsto demuestra la pobreza total de los partidos pol\u00edticos en el Per\u00fa\u201d, considera Eric Langer, quien hace menci\u00f3n tambi\u00e9n a la falta de liderazgo de Castillo, con cambios constantes en su gabinete y casos de corrupci\u00f3n investigados por la fiscal\u00eda.<\/p>\n\n\n\n<p>Todo se ha empa\u00f1ado a\u00fan m\u00e1s con el fallido autogolpe de Estado que le ha llevado a prisi\u00f3n. En su reemplazo, la abogada Dina Boluarte ha asumido como la primera presidenta peruana de la historia, pero el movimiento que llev\u00f3 a Castillo al poder afronta el dif\u00edcil reto de la reconstrucci\u00f3n.<\/p>\n\n\n\n<p>La \u201cfalta de legitimidad\u201d que afecta a todo el espectro pol\u00edtico peruano desde hace d\u00e9cadas tambi\u00e9n puede arrastrar a Boluarte, \u201cque no tiene ning\u00fan apoyo pol\u00edtico\u201d, estima el americanista.<\/p>\n\n\n\n<p>Los movimiento sociales rurales base del voto castillista, enardecidos tras m\u00e1s de una veintena de muertos en las protestas, exigen en las calles una asamblea constituyente y denuncian el recalcitrante conservadurismo imperante, que ha bloqueado en el Congreso la despenalizaci\u00f3n del aborto en caso de violaci\u00f3n o el avance en derechos LGTBI+, entre otros asuntos.<\/p>\n\n\n\n<p>La izquierda latinoamericana, simbolizada por Gustavo Petro, el mexicano Andr\u00e9s Manuel L\u00f3pez Obrador, el boliviano Luis Arce y el argentino Alberto Fern\u00e1ndez, se niega a reconocer a Boluarte como presidenta y sigue mostrando su apoyo a Pedro Castillo.<\/p>\n\n\n\n<p>Boric, el baluarte de la nueva izquierda en Am\u00e9rica Latina<br>Bregado en las luchas estudiantiles, con marcadas convicciones ecologistas, feministas y regionalistas, y aupado por los movimientos sociales, el chileno Gabriel Boric lleg\u00f3 al poder con la aspiraci\u00f3n de desterrar el modelo neoliberal heredado de la dictadura.<\/p>\n\n\n\n<p>El joven mandatario derrot\u00f3 al candidato Jos\u00e9 Antonio Kast, de ultraderecha, moderando su discurso para convencer al electorado de centro y ahuyentar el miedo que generaba su alianza con los comunistas.<\/p>\n\n\n\n<p>Su elecci\u00f3n fue interpretada por muchos expertos como la irrupci\u00f3n de una nueva izquierda latinoamericana, alejada del bolivarianismo, como ha demostrado al condenar categ\u00f3ricamente los reg\u00edmenes de Venezuela y Nicaragua.<\/p>\n\n\n\n<p>Am\u00e9rica Latina: Los pioneros<br>Colombia, Brasil y Chile se han sumado a M\u00e9xico, Argentina y Bolivia en esta segunda oleada de la izquierda en Am\u00e9rica Latina.<\/p>\n\n\n\n<p>Andr\u00e9s Manuel L\u00f3pez Obrador ha hecho gala de un recatado liderazgo en diversas ocasiones, la \u00faltima de ellas en noviembre, con la proyectada cumbre de la Alianza del Pac\u00edfico, de la que era anfitri\u00f3n, pero que decidi\u00f3 cancelar en solidaridad con Pedro Castillo, a quien el Congreso peruano no dio permiso para viajar. A pesar de todo, los presidentes de Chile y Colombia (los otros socios de la Alianza) se reunieron con su colega en la capital mexicana.<\/p>\n\n\n\n<p>Esa capacidad de convocatoria visibiliza \u201cun pretendido liderazgo que en realidad no existe\u201d, en opini\u00f3n de Jorge M\u00e1rquez, profesor de historia pol\u00edtica y globalizaci\u00f3n de la Universidad Nacional Aut\u00f3noma de M\u00e9xico (UNAM), para quien \u201cla izquierda latinoamericana no est\u00e1 unificada ni es homog\u00e9nea\u201d.<\/p>\n\n\n\n<p>En Argentina, la situaci\u00f3n de la izquierda gobernante reviste caracter\u00edsticas peculiares. Alberto Fern\u00e1ndez accedi\u00f3 al poder en diciembre de 2019 como cabeza del Frente de Todos haciendo dupla con Cristina Fern\u00e1ndez de Kirchner, la todopoderosa vicepresidenta.<\/p>\n\n\n\n<p>Fern\u00e1ndez y el \u201ckirchnerismo\u201d, en la actualidad abiertamente enfrentados, afrontan las elecciones presidenciales del pr\u00f3ximo a\u00f1o en una complicada situaci\u00f3n, especialmente tras la condena por corrupci\u00f3n de la vicepresidenta Cristina Fern\u00e1ndez a seis a\u00f1os de c\u00e1rcel e inhabilitaci\u00f3n para ejercer cargos p\u00fablicos. El hecho de que la sentencia sea recurrible le permite presentarse a los comicios, aunque por el momento ha dicho que no lo har\u00e1.<\/p>\n\n\n\n<p>Pero al igual que sucede en Argentina, el futuro de los gobiernos de izquierda en la regi\u00f3n depender\u00e1 sobre todo del rumbo de la econom\u00eda, en medio de un complicado escenario debido a la inflaci\u00f3n, la baja productividad, los desfavorables t\u00e9rminos de intercambio, la deuda externa y la depreciaci\u00f3n de la mayor\u00eda de las monedas locales.<\/p>\n\n\n\n<p>\u201cSi no pueden hacer crecer la econom\u00eda, van a perder popularidad\u201d y llegar\u00e1n tecn\u00f3cratas prometiendo un futuro m\u00e1s halag\u00fce\u00f1o en vez de una mejora en la distribuci\u00f3n de la riqueza, vaticina el profesor de Georgetown.<\/p>\n","protected":false},"excerpt":{"rendered":"<p>viernes, 23 de diciembre de 2022 Am\u00e9rica Latina reafirm\u00f3 su giro hacia la izquierda en&#8230;<\/p>\n","protected":false},"author":3,"featured_media":54374,"comment_status":"closed","ping_status":"closed","sticky":false,"template":"","format":"standard","meta":{"footnotes":""},"categories":[5],"tags":[],"class_list":["post-54373","post","type-post","status-publish","format-standard","has-post-thumbnail","hentry","category-internacional"],"_links":{"self":[{"href":"https:\/\/bambapolitica.com.mx\/index.php\/wp-json\/wp\/v2\/posts\/54373","targetHints":{"allow":["GET"]}}],"collection":[{"href":"https:\/\/bambapolitica.com.mx\/index.php\/wp-json\/wp\/v2\/posts"}],"about":[{"href":"https:\/\/bambapolitica.com.mx\/index.php\/wp-json\/wp\/v2\/types\/post"}],"author":[{"embeddable":true,"href":"https:\/\/bambapolitica.com.mx\/index.php\/wp-json\/wp\/v2\/users\/3"}],"replies":[{"embeddable":true,"href":"https:\/\/bambapolitica.com.mx\/index.php\/wp-json\/wp\/v2\/comments?post=54373"}],"version-history":[{"count":2,"href":"https:\/\/bambapolitica.com.mx\/index.php\/wp-json\/wp\/v2\/posts\/54373\/revisions"}],"predecessor-version":[{"id":54460,"href":"https:\/\/bambapolitica.com.mx\/index.php\/wp-json\/wp\/v2\/posts\/54373\/revisions\/54460"}],"wp:featuredmedia":[{"embeddable":true,"href":"https:\/\/bambapolitica.com.mx\/index.php\/wp-json\/wp\/v2\/media\/54374"}],"wp:attachment":[{"href":"https:\/\/bambapolitica.com.mx\/index.php\/wp-json\/wp\/v2\/media?parent=54373"}],"wp:term":[{"taxonomy":"category","embeddable":true,"href":"https:\/\/bambapolitica.com.mx\/index.php\/wp-json\/wp\/v2\/categories?post=54373"},{"taxonomy":"post_tag","embeddable":true,"href":"https:\/\/bambapolitica.com.mx\/index.php\/wp-json\/wp\/v2\/tags?post=54373"}],"curies":[{"name":"wp","href":"https:\/\/api.w.org\/{rel}","templated":true}]}}