{"id":54408,"date":"2022-12-23T08:37:27","date_gmt":"2022-12-23T14:37:27","guid":{"rendered":"http:\/\/bambapolitica.com.mx\/?p=54408"},"modified":"2022-12-23T10:37:51","modified_gmt":"2022-12-23T16:37:51","slug":"acusan-a-ministra-yasmin-esquivel-de-plagiar-tesis-de-licenciatura","status":"publish","type":"post","link":"https:\/\/bambapolitica.com.mx\/index.php\/2022\/12\/23\/acusan-a-ministra-yasmin-esquivel-de-plagiar-tesis-de-licenciatura\/","title":{"rendered":"Acusan a ministra Yasm\u00edn Esquivel de plagiar tesis de licenciatura"},"content":{"rendered":"\n<p>Viernes, 24 de diciembre 2022<\/p>\n\n\n\n<p>La ministra de la Suprema Corte de Justicia de la Naci\u00f3n (SCJN), Yasm\u00edn Esquivel Mossa, una de las tres candidatas que el presidente Andr\u00e9s Manuel L\u00f3pez Obrador propuso para el cargo y quien aspira a presidir la instituci\u00f3n, fue acusada de plagiar su tesis de licenciatura, situaci\u00f3n que ella rechaz\u00f3. El mi\u00e9rcoles, el portal Latinus<br>La ministra de la Suprema Corte de Justicia de la Naci\u00f3n (SCJN), Yasm\u00edn Esquivel Mossa, una de las tres candidatas que el presidente Andr\u00e9s Manuel L\u00f3pez Obrador propuso para el cargo y quien aspira a presidir la instituci\u00f3n, fue acusada de plagiar su tesis de licenciatura, situaci\u00f3n que ella rechaz\u00f3.<\/p>\n\n\n\n<p>El mi\u00e9rcoles, el portal Latinus public\u00f3 un art\u00edculo del escritor Guillermo Sheridan titulado: \u201cUna ministra pasante: Yasm\u00edn Esquivel, candidata a presidir la SCJN, plagi\u00f3 su tesis de licenciatura\u201d.<\/p>\n\n\n\n<p>En \u00e9l, Sheridan acusa a la ministra de haber plagiado los contenidos de una tesis publicada en 1986 por Edgar Ulises B\u00e1ez Guti\u00e9rrez para titularse en 1987 como licenciada en Derecho en la Universidad Nacional Aut\u00f3noma de M\u00e9xico (UNAM), una de las m\u00e1s prestigiosas del pa\u00eds.<\/p>\n\n\n\n<p>El escritor presenta en el art\u00edculo im\u00e1genes de los textos de la tesis de la ministra, los cuales compara con los de B\u00e1ez Guti\u00e9rrez en los que se puede ver un presunto plagio de pr\u00e1cticamente todo el contenido del trabajo que utiliz\u00f3 la ministra para obtener su grado universitario.<\/p>\n\n\n\n<p>Adem\u00e1s, acus\u00f3 a la profesora Martha Rodr\u00edguez Ort\u00edz, quien fue su directora de tesis, de haber sido c\u00f3mplice del plagio, ya que ella tambi\u00e9n dirigi\u00f3 la tesis de B\u00e1ez Guti\u00e9rrez y, seg\u00fan el escritor, sabr\u00eda que el contenido era casi id\u00e9ntico.<\/p>\n\n\n\n<p>Al respecto, la ministra asegur\u00f3 que el art\u00edculo de Sheridan es \u201ctotalmente falso\u201d. \u201cAhora \u00bfqu\u00e9 m\u00e1s van a inventar?\u201d, dijo en su cuenta de Twitter.}<br>Asimismo, este jueves la profesora Martha Rodr\u00edguez Ort\u00edz pidi\u00f3 en una carta que Latinus rectifique su informaci\u00f3n pues defendi\u00f3 que la tesis \u201cno es un plagio como err\u00f3nea y falsamente lo est\u00e1 se\u00f1alando la columna publicada\u201d.<\/p>\n\n\n\n<p>Recalc\u00f3 que ella cuenta con 45 a\u00f1os de trayectoria como maestra, para distintas asignaturas, en la Universidad Nacional Aut\u00f3noma de M\u00e9xico (UNAM), en donde ha asesorado m\u00e1s de 500 tesis de licenciatura por lo que certific\u00f3 que el trabajo de Esquivel no fue un plagio.<\/p>\n\n\n\n<p>El esc\u00e1ndalo se da a semana y media de que el pleno de la Corte sesione para definir la presidencia de la SCJN en lugar del ministro Arturo Zald\u00edvar.<\/p>\n\n\n\n<p>Adem\u00e1s de Esquivel, aspiran al cargo Norma Pi\u00f1a, Alfredo Guti\u00e9rrez Ortiz Mena, Javier Laynez y Alberto P\u00e9rez Day\u00e1n.<\/p>\n\n\n\n<p>Esquivel Mossa fue elegida como ministra del m\u00e1ximo tribunal el pasado 12 de marzo por el Senado.<\/p>\n\n\n\n<p>Es esposa del empresario Jos\u00e9 Mar\u00eda Riob\u00f3o, contratista de L\u00f3pez Obrador cuando \u00e9ste fue jefe de Gobierno de la Ciudad de M\u00e9xico (2000-2005).<\/p>\n\n\n\n<p>En su carrera, Esquivel, entre otros cargos, ha sido magistrada en la Sala Superior del Tribunal de lo Contencioso Administrativo de la capital y trabaj\u00f3 en la Procuradur\u00eda General de Justicia (Fiscal\u00eda) de Ciudad de M\u00e9xico.<\/p>\n\n\n\n<p>Esquivel ocupar\u00e1 su cargo en la Suprema Corte de Justicia de la Naci\u00f3n (SCJN) por un periodo de 15 a\u00f1os -de 2019 a 2034- en sustituci\u00f3n de Margarita Luna Ramos.<\/p>\n","protected":false},"excerpt":{"rendered":"<p>Viernes, 24 de diciembre 2022 La ministra de la Suprema Corte de Justicia de la&#8230;<\/p>\n","protected":false},"author":3,"featured_media":0,"comment_status":"closed","ping_status":"closed","sticky":false,"template":"","format":"standard","meta":{"footnotes":""},"categories":[4],"tags":[],"class_list":["post-54408","post","type-post","status-publish","format-standard","hentry","category-noticias-del-dia"],"_links":{"self":[{"href":"https:\/\/bambapolitica.com.mx\/index.php\/wp-json\/wp\/v2\/posts\/54408","targetHints":{"allow":["GET"]}}],"collection":[{"href":"https:\/\/bambapolitica.com.mx\/index.php\/wp-json\/wp\/v2\/posts"}],"about":[{"href":"https:\/\/bambapolitica.com.mx\/index.php\/wp-json\/wp\/v2\/types\/post"}],"author":[{"embeddable":true,"href":"https:\/\/bambapolitica.com.mx\/index.php\/wp-json\/wp\/v2\/users\/3"}],"replies":[{"embeddable":true,"href":"https:\/\/bambapolitica.com.mx\/index.php\/wp-json\/wp\/v2\/comments?post=54408"}],"version-history":[{"count":1,"href":"https:\/\/bambapolitica.com.mx\/index.php\/wp-json\/wp\/v2\/posts\/54408\/revisions"}],"predecessor-version":[{"id":54409,"href":"https:\/\/bambapolitica.com.mx\/index.php\/wp-json\/wp\/v2\/posts\/54408\/revisions\/54409"}],"wp:attachment":[{"href":"https:\/\/bambapolitica.com.mx\/index.php\/wp-json\/wp\/v2\/media?parent=54408"}],"wp:term":[{"taxonomy":"category","embeddable":true,"href":"https:\/\/bambapolitica.com.mx\/index.php\/wp-json\/wp\/v2\/categories?post=54408"},{"taxonomy":"post_tag","embeddable":true,"href":"https:\/\/bambapolitica.com.mx\/index.php\/wp-json\/wp\/v2\/tags?post=54408"}],"curies":[{"name":"wp","href":"https:\/\/api.w.org\/{rel}","templated":true}]}}