{"id":54423,"date":"2022-12-23T08:57:26","date_gmt":"2022-12-23T14:57:26","guid":{"rendered":"http:\/\/bambapolitica.com.mx\/?p=54423"},"modified":"2022-12-23T08:57:28","modified_gmt":"2022-12-23T14:57:28","slug":"regresa-a-mexico-el-embajador-pablo-monroy-tras-ser-expulsado-de-peru","status":"publish","type":"post","link":"https:\/\/bambapolitica.com.mx\/index.php\/2022\/12\/23\/regresa-a-mexico-el-embajador-pablo-monroy-tras-ser-expulsado-de-peru\/","title":{"rendered":"Regresa a M\u00e9xico el embajador Pablo Monroy, tras ser expulsado de Per\u00fa"},"content":{"rendered":"\n<p>Viernes, 24 de diciembre 2022<\/p>\n\n\n\n<p>El Gobierno peruano declar\u00f3 el martes pasado persona non grata al embajador Pablo Monroy y le dio 72 horas para abandonar el pa\u00eds.<\/p>\n\n\n\n<p><br>Pablo Monroy Conesa, embajador mexicano en Lima, declarado persona \u2018non grata\u2019 por el Gobierno de Per\u00fa, lleg\u00f3 la noche del jueves a M\u00e9xico.<\/p>\n\n\n\n<p>Monroy Conesa aterriz\u00f3 en el Aeropuerto Internacional de la Ciudad de M\u00e9xico (AICM) aproximadamente a las 22:20 h.<br>\u201cUn abrazo solidario, con afecto y lleno de gratitud, querido Per\u00fa. Hasta que nos volvamos a ver\u201d, fue el mensaje que Monroy Conesa public\u00f3 en sus redes sociales la tarde de este jueves, antes de salir del pa\u00eds sudamericano.<\/p>\n\n\n\n<p>El Gobierno peruano declar\u00f3 este martes persona \u2018non grata\u2019 al embajador Pablo Monroy y le dio 72 horas para abandonar el pa\u00eds andino en respuesta a la \u201cinjerencia\u201d que consideran que han hecho las \u201caltas autoridades\u201d mexicanas.<\/p>\n\n\n\n<p>\u201cInformo que el Gobierno de Per\u00fa ha declarado persona non grata al embajador de M\u00e9xico en Per\u00fa, Pablo Monroy, por las reiteradas expresiones de las m\u00e1s altas autoridades de ese pa\u00eds (\u2026) que constituyen injerencia en nuestros asuntos internos y son violatorias del principio de no intervenci\u00f3n\u201d, dijo la canciller peruana Ana Cecilia Gervasi en una declaraci\u00f3n.<\/p>\n\n\n\n<p>Desde el jueves pasado, la canciller\u00eda peruana trasmiti\u00f3 su rechazo al embajador mexicano Monroy, al considerar como \u201cuna injerencia en los asuntos internos\u201d las expresiones de las autoridades mexicanas, a un d\u00eda de que el expresidente peruano Pedro Castillo intentar\u00e1 dar un golpe de Estado y solicitara asilo en M\u00e9xico.<\/p>\n\n\n\n<p>El presidente Andr\u00e9s Manuel L\u00f3pez Obrador llam\u00f3 el mi\u00e9rcoles \u201cpatriota\u201d al embajador de M\u00e9xico en Per\u00fa, tras sus gestiones para dar asilo pol\u00edtico a la familia del expresidente peruano, Pedro Castillo.<\/p>\n","protected":false},"excerpt":{"rendered":"<p>Viernes, 24 de diciembre 2022 El Gobierno peruano declar\u00f3 el martes pasado persona non grata&#8230;<\/p>\n","protected":false},"author":3,"featured_media":54424,"comment_status":"closed","ping_status":"closed","sticky":false,"template":"","format":"standard","meta":{"footnotes":""},"categories":[4],"tags":[],"class_list":["post-54423","post","type-post","status-publish","format-standard","has-post-thumbnail","hentry","category-noticias-del-dia"],"_links":{"self":[{"href":"https:\/\/bambapolitica.com.mx\/index.php\/wp-json\/wp\/v2\/posts\/54423","targetHints":{"allow":["GET"]}}],"collection":[{"href":"https:\/\/bambapolitica.com.mx\/index.php\/wp-json\/wp\/v2\/posts"}],"about":[{"href":"https:\/\/bambapolitica.com.mx\/index.php\/wp-json\/wp\/v2\/types\/post"}],"author":[{"embeddable":true,"href":"https:\/\/bambapolitica.com.mx\/index.php\/wp-json\/wp\/v2\/users\/3"}],"replies":[{"embeddable":true,"href":"https:\/\/bambapolitica.com.mx\/index.php\/wp-json\/wp\/v2\/comments?post=54423"}],"version-history":[{"count":1,"href":"https:\/\/bambapolitica.com.mx\/index.php\/wp-json\/wp\/v2\/posts\/54423\/revisions"}],"predecessor-version":[{"id":54425,"href":"https:\/\/bambapolitica.com.mx\/index.php\/wp-json\/wp\/v2\/posts\/54423\/revisions\/54425"}],"wp:featuredmedia":[{"embeddable":true,"href":"https:\/\/bambapolitica.com.mx\/index.php\/wp-json\/wp\/v2\/media\/54424"}],"wp:attachment":[{"href":"https:\/\/bambapolitica.com.mx\/index.php\/wp-json\/wp\/v2\/media?parent=54423"}],"wp:term":[{"taxonomy":"category","embeddable":true,"href":"https:\/\/bambapolitica.com.mx\/index.php\/wp-json\/wp\/v2\/categories?post=54423"},{"taxonomy":"post_tag","embeddable":true,"href":"https:\/\/bambapolitica.com.mx\/index.php\/wp-json\/wp\/v2\/tags?post=54423"}],"curies":[{"name":"wp","href":"https:\/\/api.w.org\/{rel}","templated":true}]}}