{"id":54426,"date":"2022-12-23T09:01:45","date_gmt":"2022-12-23T15:01:45","guid":{"rendered":"http:\/\/bambapolitica.com.mx\/?p=54426"},"modified":"2022-12-23T09:01:48","modified_gmt":"2022-12-23T15:01:48","slug":"queman-murales-de-la-zona-arqueologica-el-tajin-en-veracruz","status":"publish","type":"post","link":"https:\/\/bambapolitica.com.mx\/index.php\/2022\/12\/23\/queman-murales-de-la-zona-arqueologica-el-tajin-en-veracruz\/","title":{"rendered":"Queman murales de la zona arqueol\u00f3gica El Taj\u00edn en Veracruz"},"content":{"rendered":"\n<p>Viernes, 24 de diciembre 2022<\/p>\n\n\n\n<p>Un grupo de personas le prendi\u00f3 fuego a la membrana geotextil (pl\u00e1stica) que cubr\u00eda parte del Edificio I del lugar.<\/p>\n\n\n\n<p><br>Los murales de la zona arqueol\u00f3gica de El Taj\u00edn en el estado de Veracruz fueron incendiados por personas desconocidas, por lo que ahora existe un da\u00f1o irreversible en el Patrimonio Cultural de la Humanidad.<\/p>\n\n\n\n<p>Durante la madrugada del mi\u00e9rcoles, un grupo de personas le prendi\u00f3 fuego a la membrana geotextil (pl\u00e1stica) que cubr\u00eda parte del Edificio I del lugar.<\/p>\n\n\n\n<p>El pl\u00e1stico se derriti\u00f3 sobre los murales en la zona arqueol\u00f3gica localizada en Papantla, al norte de Veracruz. Las im\u00e1genes del da\u00f1o se han viralizado en redes sociales y han causado gran indignaci\u00f3n entre la poblaci\u00f3n.<br>Por su parte, los integrantes del Sindicato Nacional de Restauradores del Instituto Nacional de Antropolog\u00eda e Historia (INAH) explicaron en un comunicado que reprueban este acto vand\u00e1lico y exigieron que se investiguen los hechos hasta localizar a los responsables.<\/p>\n\n\n\n<p>\u201cQuienes integramos el Sindicato Nacional de Restauradores del Instituto Nacional de Antropolog\u00eda e Historia desaprobamos tajantemente los hechos vand\u00e1licos ocurridos en la zona arqueol\u00f3gica de El Taj\u00edn, en el estado de Veracruz, que causaron da\u00f1os irreversibles en la pintura mural, herencia cultural de la humanidad&#8221;, dice el comunicado.<br>En el oficio pidieron la intervenci\u00f3n del INAH y representantes del gobierno federal para que se realicen las investigaciones necesarias para localizar a los culpables y se imparta justicia.<\/p>\n\n\n\n<p>Actualmente, la zona es resguardada por elementos de la Guardia Nacional, sin embargo quien o quienes cometieron el da\u00f1o, lograron entrar y salir sin problemas.<br>\u200bEl Taj\u00edn, y su famoso ritual de los voladores de Papantla son considerados Bienes Culturales materiales e inmateriales en la lista del Patrimonio Mundial de la Humanidad por la UNESCO desde 1992, por ser testimonios excepcionales de las culturas prehisp\u00e1nicas y un ejemplo sobresaliente de su arquitectura.<\/p>\n\n\n\n<p>Durante la etapa cr\u00edtica de la pandemia permaneci\u00f3 cerrado al p\u00fablico y fue en el primer cuatrimestre de este a\u00f1o que reabri\u00f3 sus puertas, con ingresos controlados.<\/p>\n","protected":false},"excerpt":{"rendered":"<p>Viernes, 24 de diciembre 2022 Un grupo de personas le prendi\u00f3 fuego a la membrana&#8230;<\/p>\n","protected":false},"author":3,"featured_media":54427,"comment_status":"closed","ping_status":"closed","sticky":false,"template":"","format":"standard","meta":{"footnotes":""},"categories":[4],"tags":[],"class_list":["post-54426","post","type-post","status-publish","format-standard","has-post-thumbnail","hentry","category-noticias-del-dia"],"_links":{"self":[{"href":"https:\/\/bambapolitica.com.mx\/index.php\/wp-json\/wp\/v2\/posts\/54426","targetHints":{"allow":["GET"]}}],"collection":[{"href":"https:\/\/bambapolitica.com.mx\/index.php\/wp-json\/wp\/v2\/posts"}],"about":[{"href":"https:\/\/bambapolitica.com.mx\/index.php\/wp-json\/wp\/v2\/types\/post"}],"author":[{"embeddable":true,"href":"https:\/\/bambapolitica.com.mx\/index.php\/wp-json\/wp\/v2\/users\/3"}],"replies":[{"embeddable":true,"href":"https:\/\/bambapolitica.com.mx\/index.php\/wp-json\/wp\/v2\/comments?post=54426"}],"version-history":[{"count":1,"href":"https:\/\/bambapolitica.com.mx\/index.php\/wp-json\/wp\/v2\/posts\/54426\/revisions"}],"predecessor-version":[{"id":54428,"href":"https:\/\/bambapolitica.com.mx\/index.php\/wp-json\/wp\/v2\/posts\/54426\/revisions\/54428"}],"wp:featuredmedia":[{"embeddable":true,"href":"https:\/\/bambapolitica.com.mx\/index.php\/wp-json\/wp\/v2\/media\/54427"}],"wp:attachment":[{"href":"https:\/\/bambapolitica.com.mx\/index.php\/wp-json\/wp\/v2\/media?parent=54426"}],"wp:term":[{"taxonomy":"category","embeddable":true,"href":"https:\/\/bambapolitica.com.mx\/index.php\/wp-json\/wp\/v2\/categories?post=54426"},{"taxonomy":"post_tag","embeddable":true,"href":"https:\/\/bambapolitica.com.mx\/index.php\/wp-json\/wp\/v2\/tags?post=54426"}],"curies":[{"name":"wp","href":"https:\/\/api.w.org\/{rel}","templated":true}]}}