{"id":54468,"date":"2022-12-26T07:53:18","date_gmt":"2022-12-26T13:53:18","guid":{"rendered":"http:\/\/bambapolitica.com.mx\/?p=54468"},"modified":"2022-12-26T07:53:20","modified_gmt":"2022-12-26T13:53:20","slug":"samuel-rios-moreno-encabezo-la-entrega-de-850-cobertores-a-adultos-mayores","status":"publish","type":"post","link":"https:\/\/bambapolitica.com.mx\/index.php\/2022\/12\/26\/samuel-rios-moreno-encabezo-la-entrega-de-850-cobertores-a-adultos-mayores\/","title":{"rendered":"Samuel R\u00edos Moreno encabez\u00f3 la entrega de 850 cobertores a Adultos Mayores"},"content":{"rendered":"\n<p>lunes, 26 de diciembre de 2022<\/p>\n\n\n\n<p>El Presidente del DIF Samuel R\u00edos Moreno encabez\u00f3 la entrega de 850 cobertores a Adultos Mayores gestionados ante #DIFEM por la Coordinaci\u00f3n de Desarrollo Comunitario, con la finalidad de que est\u00e9n bien protegidos en esta \u00e9poca invernal.<\/p>\n\n\n\n<p><br>Durante la entrega fue acompa\u00f1ado por la Presidenta Municipal Nancy Gomez , el director del DIF e integrantes del H. Ayuntamiento de #Chicoloapan , as\u00ed como autoridades del DIF Estatal.<\/p>\n\n\n\n<p><br>El presidente de #DIF resalt\u00f3 la importancia de que los adultos mayores est\u00e9n bien protegidos ante las inclemencias del tiempo, sobre todo ahora que las enfermedades respiratorias se intensifican.<\/p>\n","protected":false},"excerpt":{"rendered":"<p>lunes, 26 de diciembre de 2022 El Presidente del DIF Samuel R\u00edos Moreno encabez\u00f3 la&#8230;<\/p>\n","protected":false},"author":3,"featured_media":54469,"comment_status":"closed","ping_status":"closed","sticky":false,"template":"","format":"standard","meta":{"footnotes":""},"categories":[4],"tags":[],"class_list":["post-54468","post","type-post","status-publish","format-standard","has-post-thumbnail","hentry","category-noticias-del-dia"],"_links":{"self":[{"href":"https:\/\/bambapolitica.com.mx\/index.php\/wp-json\/wp\/v2\/posts\/54468","targetHints":{"allow":["GET"]}}],"collection":[{"href":"https:\/\/bambapolitica.com.mx\/index.php\/wp-json\/wp\/v2\/posts"}],"about":[{"href":"https:\/\/bambapolitica.com.mx\/index.php\/wp-json\/wp\/v2\/types\/post"}],"author":[{"embeddable":true,"href":"https:\/\/bambapolitica.com.mx\/index.php\/wp-json\/wp\/v2\/users\/3"}],"replies":[{"embeddable":true,"href":"https:\/\/bambapolitica.com.mx\/index.php\/wp-json\/wp\/v2\/comments?post=54468"}],"version-history":[{"count":1,"href":"https:\/\/bambapolitica.com.mx\/index.php\/wp-json\/wp\/v2\/posts\/54468\/revisions"}],"predecessor-version":[{"id":54470,"href":"https:\/\/bambapolitica.com.mx\/index.php\/wp-json\/wp\/v2\/posts\/54468\/revisions\/54470"}],"wp:featuredmedia":[{"embeddable":true,"href":"https:\/\/bambapolitica.com.mx\/index.php\/wp-json\/wp\/v2\/media\/54469"}],"wp:attachment":[{"href":"https:\/\/bambapolitica.com.mx\/index.php\/wp-json\/wp\/v2\/media?parent=54468"}],"wp:term":[{"taxonomy":"category","embeddable":true,"href":"https:\/\/bambapolitica.com.mx\/index.php\/wp-json\/wp\/v2\/categories?post=54468"},{"taxonomy":"post_tag","embeddable":true,"href":"https:\/\/bambapolitica.com.mx\/index.php\/wp-json\/wp\/v2\/tags?post=54468"}],"curies":[{"name":"wp","href":"https:\/\/api.w.org\/{rel}","templated":true}]}}