{"id":54477,"date":"2022-12-26T08:11:18","date_gmt":"2022-12-26T14:11:18","guid":{"rendered":"http:\/\/bambapolitica.com.mx\/?p=54477"},"modified":"2022-12-26T08:11:19","modified_gmt":"2022-12-26T14:11:19","slug":"la-ministra-yasmin-esquivel-defiende-su-tesis-y-seguira-en-busca-de-la-presidencia-de-la-scjn","status":"publish","type":"post","link":"https:\/\/bambapolitica.com.mx\/index.php\/2022\/12\/26\/la-ministra-yasmin-esquivel-defiende-su-tesis-y-seguira-en-busca-de-la-presidencia-de-la-scjn\/","title":{"rendered":"La ministra Yasm\u00edn Esquivel defiende su tesis y seguir\u00e1 en busca de la Presidencia de la SCJN"},"content":{"rendered":"\n<p>lunes, 26 de diciembre de 2022<\/p>\n\n\n\n<p>La ministra Yasm\u00edn Esquivel Mossa defendi\u00f3 su tesis de licenciatura y denuncia campa\u00f1a en su contra. Esto ante las acusaciones de plagio.<\/p>\n\n\n\n<p>A trav\u00e9s de un comunicado, la ministra de la Suprema Corte de Justicia de la Naci\u00f3n asegur\u00f3:<\/p>\n\n\n\n<p>Niego terminante y categ\u00f3ricamente los se\u00f1alamientos hechos con respecto a un supuesto plagio de mi tesis de licenciatura que han circulado en redes sociales y en algunos medios de comunicaci\u00f3n, se\u00f1ala la ministra\u201d.<br>En el documento de 10 puntos, Yasm\u00edn Esquivel Mossa destaca:<\/p>\n\n\n\n<p>1.- La tesis \u201cEs un proyecto otiginal y aut\u00e9ntico que empec\u00e9 a redactar y escribir desde 1985\u201d.<\/p>\n\n\n\n<p>2.-Mi tesis de licenciatura es original.<\/p>\n\n\n\n<p>3.- Falta de \u00e9tica period\u00edstica.<\/p>\n\n\n\n<p>4.- Sobre el proceso de revisi\u00f3n en la UNAM \u201cyo soy la primera interesada en que se esclarezca esta situaci\u00f3n en su totalidad\u201d.<\/p>\n\n\n\n<p>5.- Denuncia ante las autoridades correspondientes el supuesto plagio.<\/p>\n\n\n\n<p>6.- Asegura que el objetivo de las \u201cdifamaciones\u201d es \u201cintervenir en un proceso que le compete \u00fanicamente a las ministras y ministros de la Suprema corte de Justicia de la Naci\u00f3n\u201d.<\/p>\n\n\n\n<p>7.- \u201cExtra\u00f1a que a lo largo de mi trayecvtoria por 40 a\u00f1os como juzgadora y servidora p\u00fablica nunca se haya esgrimido este falaz argumento\u201d.<\/p>\n\n\n\n<p>8.- Denuncia un intento \u201cexterno e indebido\u201d para influir en la \u201cpr\u00f3xima elecci\u00f3n del presidente o presidenta de la Suprema Corte de Justicia de la Naci\u00f3n.<\/p>\n\n\n\n<p>9.- Agradece muestras de solidaridad.<\/p>\n\n\n\n<p>10.- Reitera que continuar\u00e1 en b\u00fasqueda de la Presidencia de la Suprema Corte de Justicia de la Naci\u00f3n.<\/p>\n\n\n\n<p>ACUSAN A MINISTRA DE LA SUPREMA CORTE DE LA NACI\u00d3N DE PLAGIAR TESIS<\/p>\n\n\n\n<p>La ministra de la Suprema Corte de Justicia de la Naci\u00f3n (SCJN), Yasm\u00edn Esquivel Mossa, una de las tres candidatas que el presidente Andr\u00e9s Manuel L\u00f3pez Obrador propuso para el cargo y quien aspira a presidir la instituci\u00f3n, fue acusada de plagiar su tesis de licenciatura, situaci\u00f3n que ella rechaz\u00f3.<\/p>\n\n\n\n<p>El mi\u00e9rcoles, el portal Latinus public\u00f3 un art\u00edculo del escritor Guillermo Sheridan titulado: \u201cUna ministra pasante: Yasm\u00edn Esquivel, candidata a presidir la SCJN, plagi\u00f3 su tesis de licenciatura\u201d.<\/p>\n\n\n\n<p>En el, Sheridan acusa a la ministra de haber plagiado los contenidos de una tesis publicada en 1986 por Edgar Ulises B\u00e1ez Guti\u00e9rrez para titularse en 1987 como licenciada en Derecho en la Universidad Nacional Aut\u00f3noma de M\u00e9xico (UNAM), una de las m\u00e1s prestigiosas del pa\u00eds.<\/p>\n\n\n\n<p>El escritor presenta en el art\u00edculo im\u00e1genes de los textos de la tesis de la ministra, los cuales compara con los de B\u00e1ez Guti\u00e9rrez en los que se puede ver un presunto plagio de pr\u00e1cticamente todo el contenido del trabajo que utiliz\u00f3 la ministra para obtener su grado universitario.<\/p>\n\n\n\n<p>Adem\u00e1s, acus\u00f3 a la profesora Martha Rodr\u00edguez Ort\u00edz, quien fue su directora de tesis, de haber sido c\u00f3mplice del plagio, ya que ella tambi\u00e9n dirigi\u00f3 la tesis de B\u00e1ez Guti\u00e9rrez y, seg\u00fan el escritor, sabr\u00eda que el contenido era casi id\u00e9ntico.<\/p>\n\n\n\n<p>Al respecto, la ministra asegur\u00f3 que el art\u00edculo de Sheridan es \u201ctotalmente falso\u201d. \u201cAhora \u00bfqu\u00e9 m\u00e1s van a inventar?\u201d, dijo en su cuenta de Twitter.<\/p>\n\n\n\n<p>Asimismo, este jueves la profesora Martha Rodr\u00edguez Ort\u00edz pidi\u00f3 en una carta que Latinus rectifique su informaci\u00f3n pues defendi\u00f3 que la tesis \u201cno es un plagio como err\u00f3nea y falsamente lo est\u00e1 se\u00f1alando la columna publicada\u201d.<\/p>\n\n\n\n<p>Recalc\u00f3 que ella cuenta con 45 a\u00f1os de trayectoria como maestra, para distintas asignaturas, en la Universidad Nacional Aut\u00f3noma de M\u00e9xico (UNAM), en donde ha asesorado m\u00e1s de 500 tesis de licenciatura por lo que certific\u00f3 que el trabajo de Esquivel no fue un plagio.<\/p>\n\n\n\n<p>Tambi\u00e9n este jueves la Facultad de Estudios Superiores Arag\u00f3n de la UNAM, donde la ministra present\u00f3 su tesis, anunci\u00f3 en un comunicado que iniciar\u00e1 un an\u00e1lisis \u201cpormenorizado\u201d sobre el documento.<\/p>\n\n\n\n<p>\u201cAnte las recientes denuncias p\u00fablicas sobre el contenido de una tesis profesional de una ex alumna de esta Facultad, el Comit\u00e9 de Integridad Acad\u00e9mica y Cient\u00edfica de la Facultad de Estudios Superiores Arag\u00f3n iniciar\u00e1 una an\u00e1lisis pormenorizado del contenido y las circunstancias del caso y actuar\u00e1 con estricto apego a la normatividad universitaria\u201d, precis\u00f3 la instituci\u00f3n.<\/p>\n\n\n\n<p>El esc\u00e1ndalo se da a semana y media de que el pleno de la Corte sesione para definir la presidencia de la SCJN en lugar del ministro Arturo Zald\u00edvar.<\/p>\n\n\n\n<p>Adem\u00e1s de Esquivel, aspiran al cargo Norma Pi\u00f1a, Alfredo Guti\u00e9rrez Ortiz Mena, Javier Laynez y Alberto P\u00e9rez Day\u00e1n.<\/p>\n\n\n\n<p>LA DEFENSA DEL PRESIDENTE L\u00d3PEZ OBRADOR<\/p>\n\n\n\n<p>El presidente de M\u00e9xico, Andr\u00e9s Manuel L\u00f3pez Obrador, apoy\u00f3 este viernes a la ministra de la Suprema Corte de Justicia de la Naci\u00f3n (SCJN) y candidata a presidir la instituci\u00f3n, Yasm\u00edn Esquivel Mossa, despu\u00e9s de que fue acusada de plagiar su tesis de licenciatura.<\/p>\n\n\n\n<p>Prefiero equivocarme con la ministra que darle la raz\u00f3n (a Guillermo Sheridan), dijo L\u00f3pez Obrador en su rueda de prensa diaria, este viernes desde el suroriental estado de Tabasco.<\/p>\n\n\n\n<p>UNAM VE \u201cCOINCIDENCIAS\u201d EN LA TESIS DE LA MINISTRA YASM\u00cdN ESQUIVEL MOSSA<br>La Universidad Nacional Aut\u00f3noma de M\u00e9xico (UNAM), se\u00f1al\u00f3 que, de acuerdo al cotejo realizado de la tesis de la ministra Yasm\u00edn Esquivel Mossa con la de un alumno titulado en 1986, encontr\u00f3 \u201cun alto nivel de coincidencias entre ambos textos\u201d.<\/p>\n\n\n\n<p>A trav\u00e9s de un comunicado, en el que no se menciona el nombre de la ministra, la UNAM se\u00f1al\u00f3:<\/p>\n\n\n\n<p>Al llevar a cabo el cotejo pormenorizado de las tesis profesionales de una alumna de la Facultad de Estudios Superiores (FES) Arag\u00f3n, presentada en 1987, con la de un alumno de la Facultad de Derecho, sustentada en 1986, la Direcci\u00f3n General de Bibliotecas y Servicios Digitales de Informaci\u00f3n de esta Universidad encontr\u00f3 que existe un alto nivel de coincidencias entre ambos textos\u2026 El resultado del an\u00e1lisis mencionado se har\u00e1 del conocimiento del Comit\u00e9 de Integridad Acad\u00e9mica y Cient\u00edfica de la FES Arag\u00f3n, instancia encargada de realizar la revisi\u00f3n del caso respetando el debido proceso legal y en estricto apego a los procedimientos y tiempos establecidos en la normatividad universitaria.\u201d<\/p>\n","protected":false},"excerpt":{"rendered":"<p>lunes, 26 de diciembre de 2022 La ministra Yasm\u00edn Esquivel Mossa defendi\u00f3 su tesis de&#8230;<\/p>\n","protected":false},"author":3,"featured_media":54478,"comment_status":"closed","ping_status":"closed","sticky":false,"template":"","format":"standard","meta":{"footnotes":""},"categories":[4],"tags":[],"class_list":["post-54477","post","type-post","status-publish","format-standard","has-post-thumbnail","hentry","category-noticias-del-dia"],"_links":{"self":[{"href":"https:\/\/bambapolitica.com.mx\/index.php\/wp-json\/wp\/v2\/posts\/54477","targetHints":{"allow":["GET"]}}],"collection":[{"href":"https:\/\/bambapolitica.com.mx\/index.php\/wp-json\/wp\/v2\/posts"}],"about":[{"href":"https:\/\/bambapolitica.com.mx\/index.php\/wp-json\/wp\/v2\/types\/post"}],"author":[{"embeddable":true,"href":"https:\/\/bambapolitica.com.mx\/index.php\/wp-json\/wp\/v2\/users\/3"}],"replies":[{"embeddable":true,"href":"https:\/\/bambapolitica.com.mx\/index.php\/wp-json\/wp\/v2\/comments?post=54477"}],"version-history":[{"count":1,"href":"https:\/\/bambapolitica.com.mx\/index.php\/wp-json\/wp\/v2\/posts\/54477\/revisions"}],"predecessor-version":[{"id":54479,"href":"https:\/\/bambapolitica.com.mx\/index.php\/wp-json\/wp\/v2\/posts\/54477\/revisions\/54479"}],"wp:featuredmedia":[{"embeddable":true,"href":"https:\/\/bambapolitica.com.mx\/index.php\/wp-json\/wp\/v2\/media\/54478"}],"wp:attachment":[{"href":"https:\/\/bambapolitica.com.mx\/index.php\/wp-json\/wp\/v2\/media?parent=54477"}],"wp:term":[{"taxonomy":"category","embeddable":true,"href":"https:\/\/bambapolitica.com.mx\/index.php\/wp-json\/wp\/v2\/categories?post=54477"},{"taxonomy":"post_tag","embeddable":true,"href":"https:\/\/bambapolitica.com.mx\/index.php\/wp-json\/wp\/v2\/tags?post=54477"}],"curies":[{"name":"wp","href":"https:\/\/api.w.org\/{rel}","templated":true}]}}