{"id":54486,"date":"2022-12-26T08:27:02","date_gmt":"2022-12-26T14:27:02","guid":{"rendered":"http:\/\/bambapolitica.com.mx\/?p=54486"},"modified":"2022-12-26T08:27:04","modified_gmt":"2022-12-26T14:27:04","slug":"en-oaxaca-activan-vigilancia-epidemiologica-por-tres-casos-sospechosos-de-rabia-humana","status":"publish","type":"post","link":"https:\/\/bambapolitica.com.mx\/index.php\/2022\/12\/26\/en-oaxaca-activan-vigilancia-epidemiologica-por-tres-casos-sospechosos-de-rabia-humana\/","title":{"rendered":"En Oaxaca, activan vigilancia epidemiol\u00f3gica por tres casos sospechosos de rabia humana"},"content":{"rendered":"\n<p>lunes, 26 de diciembre de 2022<\/p>\n\n\n\n<p>Tres menores de edad fueron hospitalizados por posible rabia humana.<br>En la localidad de Palo de Lima, en el municipio de San Lorenzo Texmelucan, Oaxaca, se activ\u00f3 un protocolo de vigilancia epidemiol\u00f3gica y prevenci\u00f3n debido a que se identificaron tres casos sospechosos de rabia en humanos.<\/p>\n\n\n\n<p>La Jurisdicci\u00f3n Sanitaria n\u00famero Uno \u201cValles Centrales\u201d de los Servicios de Salud de Oaxaca (SSO) inform\u00f3 a trav\u00e9s de un comunicado que la medida se implement\u00f3 tras detectar tres casos sospechosos de rabia humana en la regi\u00f3n de la Sierra Sur.<br>Los afectados ser\u00edan tres menores de edad de ocho, siete y dos a\u00f1os de edad, quienes fueron ingresados al Hospital Civil Dr. Aurelio Valdivieso de Oaxaca de Ju\u00e1rez; dos de ellos se reportan como graves, mientras que el otro menor fue reportado como estable, sin embargo, se encuentra bajo vigilancia m\u00e9dica.<\/p>\n\n\n\n<p>\u201cSe realizaron pruebas de laboratorio las cuales se enviaron para an\u00e1lisis al Instituto de Diagn\u00f3stico y Referencia Epidemiol\u00f3gica (Indre), con el fin de confirmar o descartar la presencia del virus\u201d, se\u00f1alaron.<br>\u00bfQu\u00e9 es la rabia humana?<br>La rabia humana es una enfermedad transmitida al ser humano por animales dom\u00e9sticos o salvajes portadores del virus.<\/p>\n\n\n\n<p>\u00bfC\u00f3mo se transmite la rabia?<br>La rabia es una zoonosis viral que se transmite a trav\u00e9s de la mordedura o el ara\u00f1azo profundos de un animal infectado.<\/p>\n\n\n\n<p>Se puede adquirir al tener contacto con la saliva infectada por medio de mordeduras o ara\u00f1azos, por ello es importante que, si se tienen animales de compa\u00f1\u00eda, \u00e9stos cuenten con su esquema de vacunaci\u00f3n.<\/p>\n\n\n\n<p>Tambi\u00e9n se recomienda evitar el contacto con animales silvestres, como ardillas, ratas o cualquier otro que se encuentre en la intemperie.<\/p>\n\n\n\n<p>S\u00edntomas de rabia humana<br>Fiebre acompa\u00f1ada de dolor<br>Sensaci\u00f3n hormigueo y comez\u00f3n en la zona de la herida<br>Deshidrataci\u00f3n<br>Dolor de cabeza<br>Malestar en general<br>Hiperactividad<br>Hidrofobia (miedo al agua)<br>Aerofobia (miedo a las corrientes de aire)<br>Posteriormente, el virus se propaga por el sistema nervioso central y genera inflamaci\u00f3n progresiva del cerebro y m\u00e9dula espinal, que puede provocar la muerte.<\/p>\n","protected":false},"excerpt":{"rendered":"<p>lunes, 26 de diciembre de 2022 Tres menores de edad fueron hospitalizados por posible rabia&#8230;<\/p>\n","protected":false},"author":3,"featured_media":54487,"comment_status":"closed","ping_status":"closed","sticky":false,"template":"","format":"standard","meta":{"footnotes":""},"categories":[4],"tags":[],"class_list":["post-54486","post","type-post","status-publish","format-standard","has-post-thumbnail","hentry","category-noticias-del-dia"],"_links":{"self":[{"href":"https:\/\/bambapolitica.com.mx\/index.php\/wp-json\/wp\/v2\/posts\/54486","targetHints":{"allow":["GET"]}}],"collection":[{"href":"https:\/\/bambapolitica.com.mx\/index.php\/wp-json\/wp\/v2\/posts"}],"about":[{"href":"https:\/\/bambapolitica.com.mx\/index.php\/wp-json\/wp\/v2\/types\/post"}],"author":[{"embeddable":true,"href":"https:\/\/bambapolitica.com.mx\/index.php\/wp-json\/wp\/v2\/users\/3"}],"replies":[{"embeddable":true,"href":"https:\/\/bambapolitica.com.mx\/index.php\/wp-json\/wp\/v2\/comments?post=54486"}],"version-history":[{"count":1,"href":"https:\/\/bambapolitica.com.mx\/index.php\/wp-json\/wp\/v2\/posts\/54486\/revisions"}],"predecessor-version":[{"id":54488,"href":"https:\/\/bambapolitica.com.mx\/index.php\/wp-json\/wp\/v2\/posts\/54486\/revisions\/54488"}],"wp:featuredmedia":[{"embeddable":true,"href":"https:\/\/bambapolitica.com.mx\/index.php\/wp-json\/wp\/v2\/media\/54487"}],"wp:attachment":[{"href":"https:\/\/bambapolitica.com.mx\/index.php\/wp-json\/wp\/v2\/media?parent=54486"}],"wp:term":[{"taxonomy":"category","embeddable":true,"href":"https:\/\/bambapolitica.com.mx\/index.php\/wp-json\/wp\/v2\/categories?post=54486"},{"taxonomy":"post_tag","embeddable":true,"href":"https:\/\/bambapolitica.com.mx\/index.php\/wp-json\/wp\/v2\/tags?post=54486"}],"curies":[{"name":"wp","href":"https:\/\/api.w.org\/{rel}","templated":true}]}}