{"id":54489,"date":"2022-12-26T08:35:07","date_gmt":"2022-12-26T14:35:07","guid":{"rendered":"http:\/\/bambapolitica.com.mx\/?p=54489"},"modified":"2022-12-26T08:35:10","modified_gmt":"2022-12-26T14:35:10","slug":"explosion-del-popocatepetl-despierta-a-familias-en-puebla-durante-la-madrugada","status":"publish","type":"post","link":"https:\/\/bambapolitica.com.mx\/index.php\/2022\/12\/26\/explosion-del-popocatepetl-despierta-a-familias-en-puebla-durante-la-madrugada\/","title":{"rendered":"Explosi\u00f3n del Popocat\u00e9petl despierta a familias en Puebla durante la madrugada"},"content":{"rendered":"\n<p>lunes, 26 de diciembre de 2022<\/p>\n\n\n\n<p>La explosi\u00f3n del volc\u00e1n Popocat\u00e9petl que lanz\u00f3 material incandescente ocurri\u00f3 a las 02:16 horas de este lunes.<br>El piso y las ventanas de miles de hogares en Puebla capital y municipios de la zona metropolitana se cimbraron tras la fuerte explosi\u00f3n del volc\u00e1n Popocat\u00e9petl que ocurri\u00f3 durante la madrugada de este lunes.<\/p>\n\n\n\n<p>Fue hacia las 02:16 horas de este 26 de diciembre cuando un estruendo hizo eco en el cielo poblano, lo que provoc\u00f3 que algunos se preguntaran la causa de tal fen\u00f3meno e, incluso, intentaron obtener respuestas asomando la cabeza por la ventana sin tanto \u00e9xito.<br>A pesar del clima nublado y lluvioso, el Centro Nacional de Prevenci\u00f3n de Desastres (Cenapred) confirm\u00f3 a trav\u00e9s de sus c\u00e1maras de monitoreo que el volc\u00e1n Popocat\u00e9petl registr\u00f3 una explosi\u00f3n proveniente de su interior y que sali\u00f3 al exterior a trav\u00e9s de su cr\u00e1ter.<\/p>\n\n\n\n<p>De inmediato, usuarios de redes sociales en Puebla reportaron que escucharon y sintieron la vibraci\u00f3n provocada por el volc\u00e1n, sin reporte de da\u00f1os materiales o personas lesionadas.<br>Cabe destacar que en los \u00faltimos d\u00edas el Popocat\u00e9petl increment\u00f3 su actividad volc\u00e1nica, principalmente con peque\u00f1as explosiones y exhalaciones acompa\u00f1adas de ceniza, por lo que las autoridades han mantenido el sem\u00e1foro de alerta en Amarillo Fase 2.<\/p>\n\n\n\n<p>Sem\u00e1foro Amarillo volc\u00e1n Popocat\u00e9petl<br>De acuerdo con el Cenapred, el Sem\u00e1foro Amarillo del monitoreo del volc\u00e1n Popocat\u00e9petl se divide de la siguiente manera:<\/p>\n\n\n\n<p>Fase 1: El volc\u00e1n presenta su actividad con sismicidad volc\u00e1nica frecuente, ligera ca\u00edda de ceniza en \u00e1reas cercana, fumarolas o plumas de vapor de agua y gas.<br>Fase 2: El volc\u00e1n incrementa su actividad con lanzamientos de fragmentos incandescentes a corto alcance asociados a las explosiones, crecimiento y destrucci\u00f3n de domos de lava, flujos de lodo o escombros a corto alcance.<\/p>\n\n\n\n<p>Fase 3: El volc\u00e1n presenta actividad explosiva de escala intermedia a alta, explosiones de intensidad creciente y ca\u00edda de cenizas notoria en poblaciones cercanas.<\/p>\n","protected":false},"excerpt":{"rendered":"<p>lunes, 26 de diciembre de 2022 La explosi\u00f3n del volc\u00e1n Popocat\u00e9petl que lanz\u00f3 material incandescente&#8230;<\/p>\n","protected":false},"author":3,"featured_media":54490,"comment_status":"closed","ping_status":"closed","sticky":false,"template":"","format":"standard","meta":{"footnotes":""},"categories":[4],"tags":[],"class_list":["post-54489","post","type-post","status-publish","format-standard","has-post-thumbnail","hentry","category-noticias-del-dia"],"_links":{"self":[{"href":"https:\/\/bambapolitica.com.mx\/index.php\/wp-json\/wp\/v2\/posts\/54489","targetHints":{"allow":["GET"]}}],"collection":[{"href":"https:\/\/bambapolitica.com.mx\/index.php\/wp-json\/wp\/v2\/posts"}],"about":[{"href":"https:\/\/bambapolitica.com.mx\/index.php\/wp-json\/wp\/v2\/types\/post"}],"author":[{"embeddable":true,"href":"https:\/\/bambapolitica.com.mx\/index.php\/wp-json\/wp\/v2\/users\/3"}],"replies":[{"embeddable":true,"href":"https:\/\/bambapolitica.com.mx\/index.php\/wp-json\/wp\/v2\/comments?post=54489"}],"version-history":[{"count":1,"href":"https:\/\/bambapolitica.com.mx\/index.php\/wp-json\/wp\/v2\/posts\/54489\/revisions"}],"predecessor-version":[{"id":54491,"href":"https:\/\/bambapolitica.com.mx\/index.php\/wp-json\/wp\/v2\/posts\/54489\/revisions\/54491"}],"wp:featuredmedia":[{"embeddable":true,"href":"https:\/\/bambapolitica.com.mx\/index.php\/wp-json\/wp\/v2\/media\/54490"}],"wp:attachment":[{"href":"https:\/\/bambapolitica.com.mx\/index.php\/wp-json\/wp\/v2\/media?parent=54489"}],"wp:term":[{"taxonomy":"category","embeddable":true,"href":"https:\/\/bambapolitica.com.mx\/index.php\/wp-json\/wp\/v2\/categories?post=54489"},{"taxonomy":"post_tag","embeddable":true,"href":"https:\/\/bambapolitica.com.mx\/index.php\/wp-json\/wp\/v2\/tags?post=54489"}],"curies":[{"name":"wp","href":"https:\/\/api.w.org\/{rel}","templated":true}]}}