{"id":54495,"date":"2022-12-26T09:29:05","date_gmt":"2022-12-26T15:29:05","guid":{"rendered":"http:\/\/bambapolitica.com.mx\/?p=54495"},"modified":"2022-12-26T09:30:58","modified_gmt":"2022-12-26T15:30:58","slug":"zacatecas-tiene-nochebuena-violenta-dos-muertos-y-autos-incendiados","status":"publish","type":"post","link":"https:\/\/bambapolitica.com.mx\/index.php\/2022\/12\/26\/zacatecas-tiene-nochebuena-violenta-dos-muertos-y-autos-incendiados\/","title":{"rendered":"Zacatecas tiene Nochebuena violenta: dos muertos y autos incendiados"},"content":{"rendered":"\n<p>lunes, 26 de diciembre de 2022<\/p>\n\n\n\n<p>En el d\u00eda de Nochebuena, dos hechos de violencia se registraron en el estado de Zacatecas que derivaron en autos incendiados y dos muertos.<\/p>\n\n\n\n<p><br>El estado de Zacatecas vivi\u00f3 una Nochebuena con diversos actos de violencia, entre ls que se encuentran dos veh\u00edculos incendiados y dos personas asesinadas.<\/p>\n\n\n\n<p>En el municipio de Guadalupe, alrededor de las 20:00 h del s\u00e1bado 24 de diciembre se registraron dos veh\u00edculos incendiados en la colonia Bonito Pueblo.<br>Luego de que el fuego fuego fuera controlado por bomberos, fueron localizados encendedores y cartuchos percutidos de arma corta, por lo que fueron llamados Polic\u00edas de Investigaci\u00f3n, quienes acordonaron la zona mientras que peritos llevaron a cabo el levantamiento de evidencia.<\/p>\n\n\n\n<p>No se detallaron v\u00edctimas mortales o personas heridas por este incidente.<\/p>\n\n\n\n<p>En la capital Zacatecas, sujetos atacaron a balazos aproximadamente a las 15:30 h un taller mec\u00e1nico que se encontraba ubicado en la calle Obrero Mundial de la colonia Alma Obrera.<br>Esta agresi\u00f3n armada tuvo com saldo dos hombres muertos y otro gravemente herido, lo que oblig\u00f3 a una fuerte movilizaci\u00f3n de servicios de emergencia y cuerpos policiacos.<\/p>\n\n\n\n<p>Las v\u00edctimas mortales fueron identificadas como Manuel \u201cN\u201d, de 53 a\u00f1os de edad y Cristian \u201cN\u201d, de 27. Hasta el momento ninguna autoridad ha iNformado sobre personas detenidas tras esta agresi\u00f3n.<\/p>\n\n\n\n<p>La entidad vive una ola de violencia macabra e inseguridad desde hace unos meses, ante la cual se implement\u00f3 un operativo liderada por las Fuerzas Armadas.<\/p>\n","protected":false},"excerpt":{"rendered":"<p>lunes, 26 de diciembre de 2022 En el d\u00eda de Nochebuena, dos hechos de violencia&#8230;<\/p>\n","protected":false},"author":3,"featured_media":54496,"comment_status":"closed","ping_status":"closed","sticky":false,"template":"","format":"standard","meta":{"footnotes":""},"categories":[2],"tags":[],"class_list":["post-54495","post","type-post","status-publish","format-standard","has-post-thumbnail","hentry","category-policiaca"],"_links":{"self":[{"href":"https:\/\/bambapolitica.com.mx\/index.php\/wp-json\/wp\/v2\/posts\/54495","targetHints":{"allow":["GET"]}}],"collection":[{"href":"https:\/\/bambapolitica.com.mx\/index.php\/wp-json\/wp\/v2\/posts"}],"about":[{"href":"https:\/\/bambapolitica.com.mx\/index.php\/wp-json\/wp\/v2\/types\/post"}],"author":[{"embeddable":true,"href":"https:\/\/bambapolitica.com.mx\/index.php\/wp-json\/wp\/v2\/users\/3"}],"replies":[{"embeddable":true,"href":"https:\/\/bambapolitica.com.mx\/index.php\/wp-json\/wp\/v2\/comments?post=54495"}],"version-history":[{"count":1,"href":"https:\/\/bambapolitica.com.mx\/index.php\/wp-json\/wp\/v2\/posts\/54495\/revisions"}],"predecessor-version":[{"id":54497,"href":"https:\/\/bambapolitica.com.mx\/index.php\/wp-json\/wp\/v2\/posts\/54495\/revisions\/54497"}],"wp:featuredmedia":[{"embeddable":true,"href":"https:\/\/bambapolitica.com.mx\/index.php\/wp-json\/wp\/v2\/media\/54496"}],"wp:attachment":[{"href":"https:\/\/bambapolitica.com.mx\/index.php\/wp-json\/wp\/v2\/media?parent=54495"}],"wp:term":[{"taxonomy":"category","embeddable":true,"href":"https:\/\/bambapolitica.com.mx\/index.php\/wp-json\/wp\/v2\/categories?post=54495"},{"taxonomy":"post_tag","embeddable":true,"href":"https:\/\/bambapolitica.com.mx\/index.php\/wp-json\/wp\/v2\/tags?post=54495"}],"curies":[{"name":"wp","href":"https:\/\/api.w.org\/{rel}","templated":true}]}}