{"id":54499,"date":"2022-12-26T09:38:43","date_gmt":"2022-12-26T15:38:43","guid":{"rendered":"http:\/\/bambapolitica.com.mx\/?p=54499"},"modified":"2022-12-26T09:38:45","modified_gmt":"2022-12-26T15:38:45","slug":"comando-quema-casa-en-plena-nochebuena-en-acapulco-hay-un-herido","status":"publish","type":"post","link":"https:\/\/bambapolitica.com.mx\/index.php\/2022\/12\/26\/comando-quema-casa-en-plena-nochebuena-en-acapulco-hay-un-herido\/","title":{"rendered":"Comando quema casa en plena Nochebuena en Acapulco; hay un herido"},"content":{"rendered":"\n<p>lunes, 26 de diciembre de 2022<\/p>\n\n\n\n<p>Sujetos armados atacaron una vivienda en la colonia Arroyo Seco del puerto de Acapulco durante la Nochebuena.<\/p>\n\n\n\n<p><br>Un comando rafague\u00f3 y quem\u00f3 una vivienda durante la Nochebuena en el puerto de Acapulco, en el estado de Guerrero, hecho que dej\u00f3 como saldo una persona herida.<br>El ataque armado ocurri\u00f3 en la avenida Juan \u00c1lvarez, ubicada en la colonia Arroyo Seco del puerto guerrerense a las 22:55 h del s\u00e1bado 24 de diciembre.<\/p>\n\n\n\n<p>Medios locales detallaron que sujetos llegaron al frente a un domicilio y comenzaron a rafaguearlo y despu\u00e9s le prendieron fuego, lo que oblig\u00f3 a una fuerte movilizaci\u00f3n de servicios de emergencia y de la polic\u00eda<\/p>\n\n\n\n<p>En el lugar solo se encontr\u00f3 una mancha de sangre, ya que una persona fue trasladada herida a un hospital por sus propios medios.<\/p>\n\n\n\n<p>Hasta el momento, ninguna autoridad ha detallado personas detenidas por este hecho en Acapulco.<\/p>\n","protected":false},"excerpt":{"rendered":"<p>lunes, 26 de diciembre de 2022 Sujetos armados atacaron una vivienda en la colonia Arroyo&#8230;<\/p>\n","protected":false},"author":3,"featured_media":54500,"comment_status":"closed","ping_status":"closed","sticky":false,"template":"","format":"standard","meta":{"footnotes":""},"categories":[2],"tags":[],"class_list":["post-54499","post","type-post","status-publish","format-standard","has-post-thumbnail","hentry","category-policiaca"],"_links":{"self":[{"href":"https:\/\/bambapolitica.com.mx\/index.php\/wp-json\/wp\/v2\/posts\/54499","targetHints":{"allow":["GET"]}}],"collection":[{"href":"https:\/\/bambapolitica.com.mx\/index.php\/wp-json\/wp\/v2\/posts"}],"about":[{"href":"https:\/\/bambapolitica.com.mx\/index.php\/wp-json\/wp\/v2\/types\/post"}],"author":[{"embeddable":true,"href":"https:\/\/bambapolitica.com.mx\/index.php\/wp-json\/wp\/v2\/users\/3"}],"replies":[{"embeddable":true,"href":"https:\/\/bambapolitica.com.mx\/index.php\/wp-json\/wp\/v2\/comments?post=54499"}],"version-history":[{"count":1,"href":"https:\/\/bambapolitica.com.mx\/index.php\/wp-json\/wp\/v2\/posts\/54499\/revisions"}],"predecessor-version":[{"id":54501,"href":"https:\/\/bambapolitica.com.mx\/index.php\/wp-json\/wp\/v2\/posts\/54499\/revisions\/54501"}],"wp:featuredmedia":[{"embeddable":true,"href":"https:\/\/bambapolitica.com.mx\/index.php\/wp-json\/wp\/v2\/media\/54500"}],"wp:attachment":[{"href":"https:\/\/bambapolitica.com.mx\/index.php\/wp-json\/wp\/v2\/media?parent=54499"}],"wp:term":[{"taxonomy":"category","embeddable":true,"href":"https:\/\/bambapolitica.com.mx\/index.php\/wp-json\/wp\/v2\/categories?post=54499"},{"taxonomy":"post_tag","embeddable":true,"href":"https:\/\/bambapolitica.com.mx\/index.php\/wp-json\/wp\/v2\/tags?post=54499"}],"curies":[{"name":"wp","href":"https:\/\/api.w.org\/{rel}","templated":true}]}}