{"id":54502,"date":"2022-12-26T09:41:09","date_gmt":"2022-12-26T15:41:09","guid":{"rendered":"http:\/\/bambapolitica.com.mx\/?p=54502"},"modified":"2022-12-26T09:41:11","modified_gmt":"2022-12-26T15:41:11","slug":"sentencian-hasta-23-anos-de-carcel-a-5-integrantes-del-cartel-de-juarez","status":"publish","type":"post","link":"https:\/\/bambapolitica.com.mx\/index.php\/2022\/12\/26\/sentencian-hasta-23-anos-de-carcel-a-5-integrantes-del-cartel-de-juarez\/","title":{"rendered":"Sentencian hasta 23 a\u00f1os de c\u00e1rcel a 5 integrantes del C\u00e1rtel de Ju\u00e1rez"},"content":{"rendered":"\n<p>lunes, 26 de diciembre de 2022<\/p>\n\n\n\n<p>La FGR inform\u00f3 que cinco integrantes de una c\u00e9lula perteneciente al C\u00e1rtel de Ju\u00e1rez recibieron sentencia condenatoria por varios delitos.<\/p>\n\n\n\n<p><br>Cinco integrantes de Los Aztecas, una c\u00e9lula del C\u00e1rtel de Ju\u00e1rez, fueron sentenciados a 23 y 18 a\u00f1os de c\u00e1rcel por un juez, inform\u00f3 la Fiscal\u00eda General de la Rep\u00fablica (FGR).<\/p>\n\n\n\n<p>La sentencia en contra de las cinco personas del C\u00e1rtel de Ju\u00e1rez fue por los delitos de delincuencia organizada (contra la salud); contra la salud (posesi\u00f3n de hero\u00edna y marihuana con fines de comercio en su variante de venta), portaci\u00f3n de arma de fuego y posesi\u00f3n de cartuchos, ambos de uso exclusivo del Ej\u00e9rcito, Armada y Fuerza A\u00e9rea.<\/p>\n\n\n\n<p>En julio de 2010 elementos de la extinta Polic\u00eda Federal, detuvieron en Ciudad Ju\u00e1rez, en el estado de Chihuahua ,a Santiago \u201cD\u201d, Dar\u00edo \u201cS\u201d, Francisco \u201cP\u201d, Antonio \u201cC\u201d, y Ricardo \u201cT\u201d, a quienes les aseguraron diverso material b\u00e9lico durante el operativo.<\/p>\n\n\n\n<p>Los elementos de prueba obtenidos de las diligencias efectuadas por el Ministerio P\u00fablico de la Federaci\u00f3n (MPF), permitieron que se dictara sentencia condenatoria de 23 a\u00f1os de prisi\u00f3n en contra de Antonio \u201cC\u201d, por los delitos ya mencionados<\/p>\n\n\n\n<p>Mientras que Santiago \u201cD\u201d, Dar\u00edo \u201cS\u201d, Francisco \u201cP\u201d y Ricardo \u201cT\u201d fueron sentenciados a 18 a\u00f1os de c\u00e1rcel.<\/p>\n","protected":false},"excerpt":{"rendered":"<p>lunes, 26 de diciembre de 2022 La FGR inform\u00f3 que cinco integrantes de una c\u00e9lula&#8230;<\/p>\n","protected":false},"author":3,"featured_media":54503,"comment_status":"closed","ping_status":"closed","sticky":false,"template":"","format":"standard","meta":{"footnotes":""},"categories":[2],"tags":[],"class_list":["post-54502","post","type-post","status-publish","format-standard","has-post-thumbnail","hentry","category-policiaca"],"_links":{"self":[{"href":"https:\/\/bambapolitica.com.mx\/index.php\/wp-json\/wp\/v2\/posts\/54502","targetHints":{"allow":["GET"]}}],"collection":[{"href":"https:\/\/bambapolitica.com.mx\/index.php\/wp-json\/wp\/v2\/posts"}],"about":[{"href":"https:\/\/bambapolitica.com.mx\/index.php\/wp-json\/wp\/v2\/types\/post"}],"author":[{"embeddable":true,"href":"https:\/\/bambapolitica.com.mx\/index.php\/wp-json\/wp\/v2\/users\/3"}],"replies":[{"embeddable":true,"href":"https:\/\/bambapolitica.com.mx\/index.php\/wp-json\/wp\/v2\/comments?post=54502"}],"version-history":[{"count":1,"href":"https:\/\/bambapolitica.com.mx\/index.php\/wp-json\/wp\/v2\/posts\/54502\/revisions"}],"predecessor-version":[{"id":54504,"href":"https:\/\/bambapolitica.com.mx\/index.php\/wp-json\/wp\/v2\/posts\/54502\/revisions\/54504"}],"wp:featuredmedia":[{"embeddable":true,"href":"https:\/\/bambapolitica.com.mx\/index.php\/wp-json\/wp\/v2\/media\/54503"}],"wp:attachment":[{"href":"https:\/\/bambapolitica.com.mx\/index.php\/wp-json\/wp\/v2\/media?parent=54502"}],"wp:term":[{"taxonomy":"category","embeddable":true,"href":"https:\/\/bambapolitica.com.mx\/index.php\/wp-json\/wp\/v2\/categories?post=54502"},{"taxonomy":"post_tag","embeddable":true,"href":"https:\/\/bambapolitica.com.mx\/index.php\/wp-json\/wp\/v2\/tags?post=54502"}],"curies":[{"name":"wp","href":"https:\/\/api.w.org\/{rel}","templated":true}]}}