{"id":54505,"date":"2022-12-26T09:45:25","date_gmt":"2022-12-26T15:45:25","guid":{"rendered":"http:\/\/bambapolitica.com.mx\/?p=54505"},"modified":"2022-12-26T09:45:27","modified_gmt":"2022-12-26T15:45:27","slug":"vinculan-a-proceso-a-quinta-implicada-en-asesinato-de-los-hermanos-tirado","status":"publish","type":"post","link":"https:\/\/bambapolitica.com.mx\/index.php\/2022\/12\/26\/vinculan-a-proceso-a-quinta-implicada-en-asesinato-de-los-hermanos-tirado\/","title":{"rendered":"Vinculan a proceso a quinta implicada en asesinato de los hermanos Tirado"},"content":{"rendered":"\n<p>lunes, 26 de diciembre de 2022<\/p>\n\n\n\n<p>Vinculan a proceso a Rebeca \u2018N\u2019, presuntamente relacionada con el asesinato de los hermanos Andr\u00e9s y Jorge Tirado, as\u00ed como el de su t\u00edo, Jos\u00e9 Gonz\u00e1lez.<\/p>\n\n\n\n<p><br>Juez de Control vincul\u00f3 a proceso a Rebeca \u2018N\u2019, presuntamente relacionada con el asesinato de los hermanos Andr\u00e9s y Jorge Tirado, as\u00ed como el de su t\u00edo, Jos\u00e9 Gonz\u00e1lez, cometidos la semana pasada en un domicilio de la colonia Roma Norte.<\/p>\n\n\n\n<p>La Fiscal\u00eda de la Ciudad de M\u00e9xico dio a conocer que el impartidor de justicia determin\u00f3 iniciar proceso penal contra esta mujer, en por su probable participaci\u00f3n en delitos contra la salud, en su modalidad de narcomenudeo, cohecho y posesi\u00f3n de cartuchos para armas de uso exclusivo del Ej\u00e9rcito, Armada y Fuerza A\u00e9rea.<\/p>\n\n\n\n<p>En la audiencia inicial, el juzgador le impuso la medida cautelar de prisi\u00f3n preventiva justificada, mientras se desarrollan los dos meses que fij\u00f3 para el cierre de la investigaci\u00f3n complementaria.<\/p>\n","protected":false},"excerpt":{"rendered":"<p>lunes, 26 de diciembre de 2022 Vinculan a proceso a Rebeca \u2018N\u2019, presuntamente relacionada con&#8230;<\/p>\n","protected":false},"author":3,"featured_media":54506,"comment_status":"closed","ping_status":"closed","sticky":false,"template":"","format":"standard","meta":{"footnotes":""},"categories":[2],"tags":[],"class_list":["post-54505","post","type-post","status-publish","format-standard","has-post-thumbnail","hentry","category-policiaca"],"_links":{"self":[{"href":"https:\/\/bambapolitica.com.mx\/index.php\/wp-json\/wp\/v2\/posts\/54505","targetHints":{"allow":["GET"]}}],"collection":[{"href":"https:\/\/bambapolitica.com.mx\/index.php\/wp-json\/wp\/v2\/posts"}],"about":[{"href":"https:\/\/bambapolitica.com.mx\/index.php\/wp-json\/wp\/v2\/types\/post"}],"author":[{"embeddable":true,"href":"https:\/\/bambapolitica.com.mx\/index.php\/wp-json\/wp\/v2\/users\/3"}],"replies":[{"embeddable":true,"href":"https:\/\/bambapolitica.com.mx\/index.php\/wp-json\/wp\/v2\/comments?post=54505"}],"version-history":[{"count":1,"href":"https:\/\/bambapolitica.com.mx\/index.php\/wp-json\/wp\/v2\/posts\/54505\/revisions"}],"predecessor-version":[{"id":54507,"href":"https:\/\/bambapolitica.com.mx\/index.php\/wp-json\/wp\/v2\/posts\/54505\/revisions\/54507"}],"wp:featuredmedia":[{"embeddable":true,"href":"https:\/\/bambapolitica.com.mx\/index.php\/wp-json\/wp\/v2\/media\/54506"}],"wp:attachment":[{"href":"https:\/\/bambapolitica.com.mx\/index.php\/wp-json\/wp\/v2\/media?parent=54505"}],"wp:term":[{"taxonomy":"category","embeddable":true,"href":"https:\/\/bambapolitica.com.mx\/index.php\/wp-json\/wp\/v2\/categories?post=54505"},{"taxonomy":"post_tag","embeddable":true,"href":"https:\/\/bambapolitica.com.mx\/index.php\/wp-json\/wp\/v2\/tags?post=54505"}],"curies":[{"name":"wp","href":"https:\/\/api.w.org\/{rel}","templated":true}]}}