{"id":54517,"date":"2022-12-26T10:29:00","date_gmt":"2022-12-26T16:29:00","guid":{"rendered":"http:\/\/bambapolitica.com.mx\/?p=54517"},"modified":"2022-12-26T10:29:01","modified_gmt":"2022-12-26T16:29:01","slug":"localizadas-vivas-8-de-las-10-personas-desaparecidas-por-avalancha-en-austria","status":"publish","type":"post","link":"https:\/\/bambapolitica.com.mx\/index.php\/2022\/12\/26\/localizadas-vivas-8-de-las-10-personas-desaparecidas-por-avalancha-en-austria\/","title":{"rendered":"Localizadas vivas 8 de las 10 personas desaparecidas por avalancha en Austria"},"content":{"rendered":"\n<p>lunes, 26 de diciembre de 2022<\/p>\n\n\n\n<p>La avalancha de nieve este domingo alcanz\u00f3 una pista de esqu\u00ed en la localidad de Lech, en la regi\u00f3n de Vorarlberg, Austria<br>Ocho de las diez personas que inicialmente se dieron por desaparecidas hoy tras una avalancha de nieve en una pista de esqu\u00ed en Austria han sido ya localizadas, seis de ellas ilesas y dos con heridas que han requerido su traslado a hospitales.<\/p>\n\n\n\n<p>As\u00ed lo inform\u00f3 el consejero de Seguridad de la regi\u00f3n de Voralberg, donde tuvo lugar el accidente, seg\u00fan se\u00f1ala la radiotelevisi\u00f3n p\u00fablica austr\u00edaca ORF.<br>La cifra de diez desaparecidos surgi\u00f3 tras verse un v\u00eddeo de la avalancha. Tras localizar a ocho de ellos, s\u00f3lo quedan por identificar a dos personas que en las im\u00e1genes se ve que fueron alcanzadas por la avalancha.<\/p>\n\n\n\n<p>En cualquier caso, hasta ahora no se ha denunciado la desaparici\u00f3n de nadie por parte de amigos o familiares.<\/p>\n\n\n\n<p>Es muy positivo que hasta ahora no se hayan recibido denuncias de personas desaparecidas\u201d, explic\u00f3 Gantner.<\/p>\n\n\n\n<p>Con todo, Gantner ha asegurado que la b\u00fasqueda seguir\u00e1 hasta descartar que ninguna persona ha quedado bajo la nieve.<\/p>\n\n\n\n<p>Como parte de los esfuerzos para determinar si hay alguien sepultado bajo la nieve, se ha pedido a los establecimientos tur\u00edsticos de la zona que reporten de clientes desaparecidos.<\/p>\n\n\n\n<p>El equipo de rescate ha pedido a la poblaci\u00f3n que informe de familiares o conocidos de los que desconozcan su paradero, y tambi\u00e9n que los testigos de la avalancha aporten toda la informaci\u00f3n que puedan.<\/p>\n\n\n\n<p>La avalancha comenz\u00f3 sobre las 15.00 hora local, a una altura de dos mil 720 metros y alcanz\u00f3 una pista de esqu\u00ed en la localidad de Lech, en la regi\u00f3n de Vorarlberg, en el oeste de Austria.<\/p>\n\n\n\n<p>Tras recibirse la primera alerta, se despleg\u00f3 un dispositivo de b\u00fasqueda y rescate.<\/p>\n\n\n\n<p>Varios helic\u00f3pteros participaron en la b\u00fasqueda, hasta que la ca\u00edda de la noche oblig\u00f3 a que tomaran tierra.<\/p>\n\n\n\n<p>Los medios a\u00e9reos siguen en la zona, para poder transportar m\u00e1s r\u00e1pidamente a los heridos que se vayan localizando.<\/p>\n\n\n\n<p>Seg\u00fan informaciones de la Polic\u00eda unas 200 personas participan en la labores de rescate. Y tambi\u00e9n se est\u00e1n empleando perros especializados.<\/p>\n\n\n\n<p>Hermann Fercher, jefe del equipo de rescate, indic\u00f3 a la radiotelevisi\u00f3n p\u00fablica austr\u00edaca ORF, que las labores de rescate continuar\u00e1n toda la noche si es necesario.<\/p>\n\n\n\n<p>\u201cHacemos todo lo posible por rescatar a los deportistas de invierno\u201d, han informado las autoridades.<\/p>\n","protected":false},"excerpt":{"rendered":"<p>lunes, 26 de diciembre de 2022 La avalancha de nieve este domingo alcanz\u00f3 una pista&#8230;<\/p>\n","protected":false},"author":3,"featured_media":54518,"comment_status":"closed","ping_status":"closed","sticky":false,"template":"","format":"standard","meta":{"footnotes":""},"categories":[5],"tags":[],"class_list":["post-54517","post","type-post","status-publish","format-standard","has-post-thumbnail","hentry","category-internacional"],"_links":{"self":[{"href":"https:\/\/bambapolitica.com.mx\/index.php\/wp-json\/wp\/v2\/posts\/54517","targetHints":{"allow":["GET"]}}],"collection":[{"href":"https:\/\/bambapolitica.com.mx\/index.php\/wp-json\/wp\/v2\/posts"}],"about":[{"href":"https:\/\/bambapolitica.com.mx\/index.php\/wp-json\/wp\/v2\/types\/post"}],"author":[{"embeddable":true,"href":"https:\/\/bambapolitica.com.mx\/index.php\/wp-json\/wp\/v2\/users\/3"}],"replies":[{"embeddable":true,"href":"https:\/\/bambapolitica.com.mx\/index.php\/wp-json\/wp\/v2\/comments?post=54517"}],"version-history":[{"count":1,"href":"https:\/\/bambapolitica.com.mx\/index.php\/wp-json\/wp\/v2\/posts\/54517\/revisions"}],"predecessor-version":[{"id":54519,"href":"https:\/\/bambapolitica.com.mx\/index.php\/wp-json\/wp\/v2\/posts\/54517\/revisions\/54519"}],"wp:featuredmedia":[{"embeddable":true,"href":"https:\/\/bambapolitica.com.mx\/index.php\/wp-json\/wp\/v2\/media\/54518"}],"wp:attachment":[{"href":"https:\/\/bambapolitica.com.mx\/index.php\/wp-json\/wp\/v2\/media?parent=54517"}],"wp:term":[{"taxonomy":"category","embeddable":true,"href":"https:\/\/bambapolitica.com.mx\/index.php\/wp-json\/wp\/v2\/categories?post=54517"},{"taxonomy":"post_tag","embeddable":true,"href":"https:\/\/bambapolitica.com.mx\/index.php\/wp-json\/wp\/v2\/tags?post=54517"}],"curies":[{"name":"wp","href":"https:\/\/api.w.org\/{rel}","templated":true}]}}