{"id":54520,"date":"2022-12-26T10:31:44","date_gmt":"2022-12-26T16:31:44","guid":{"rendered":"http:\/\/bambapolitica.com.mx\/?p=54520"},"modified":"2022-12-26T10:31:46","modified_gmt":"2022-12-26T16:31:46","slug":"iran-detiene-a-7-personas-al-parecer-vinculadas-al-reino-unido-y-a-protestas","status":"publish","type":"post","link":"https:\/\/bambapolitica.com.mx\/index.php\/2022\/12\/26\/iran-detiene-a-7-personas-al-parecer-vinculadas-al-reino-unido-y-a-protestas\/","title":{"rendered":"Ir\u00e1n detiene a 7 personas al parecer vinculadas al Reino Unido y a protestas"},"content":{"rendered":"\n<p>lunes, 26 de diciembre de 2022<\/p>\n\n\n\n<p>Las protestas en Ir\u00e1n comenzaron a mediados de septiembre tras la muerte bajo custodia policial de una mujer kurda de 22 a\u00f1os.<\/p>\n\n\n\n<p><br>La Guardia Revolucionaria de Ir\u00e1n inform\u00f3 este domingo que ha detenido a siete miembros de una red vinculada con el Reino Unido e involucrada en las protestas en el pa\u00eds, algunos de ellos con doble nacionalidad.<br>Las relaciones p\u00fablicas del cuartel Sarollah de los Guardianes de la provincia de Kerman, en un comunicado explic\u00f3 que los \u201celementos del Reino Unido\u201d formaron y dirig\u00edan directamente la citada red llamada \u201cZagros\u201d que hab\u00edan formado mediante los contrarrevolucionarios y con el objetivo de dirigir y guiar complot subversivos, especialmente durante los recientes disturbios.<\/p>\n\n\n\n<p>\u201cFueron detenidos siete de sus principales elementos y l\u00edderes que estaban dentro del pa\u00eds y participaron en la planificaci\u00f3n, orientaci\u00f3n, producci\u00f3n de contenidos y acciones de campo en los recientes disturbios\u201d, indica el comunicado publicado por la agencia oficial iran\u00ed de noticias IRNA.<\/p>\n\n\n\n<p>El comunicado subraya que \u201centre los elementos arrestados, hab\u00eda algunos con doble nacionalidad que intentaban escapar del pa\u00eds, pero antes de cualquier acci\u00f3n, fueron capturados y trasladados a la prisi\u00f3n\u201d.<\/p>\n\n\n\n<p>Asimismo la nota agrega que los Guardianes de la Revoluci\u00f3n est\u00e1n identificando y persiguiendo a otros elementos internos y externos de esta red.<\/p>\n\n\n\n<p>Las protestas en Ir\u00e1n comenzaron a mediados de septiembre tras la muerte bajo custodia policial de una mujer kurda de 22 a\u00f1os que hab\u00eda sido detenida por llevar mal colocado el velo isl\u00e1mico.<\/p>\n\n\n\n<p>La Rep\u00fablica Isl\u00e1mica de Ir\u00e1n acusa a \u201clos enemigos\u201d de instigar las protestas, incluido Estados Unidos, el Reino Unido y Arabia Saudita.<\/p>\n\n\n\n<p>En los m\u00e1s de tres meses de protestas han muerto m\u00e1s de 400 personas y al menos dos mil han sido acusadas de diversos delitos por su participaci\u00f3n en las movilizaciones, de las que 2 han sido ejecutados en el presente mes de diciembre.<\/p>\n","protected":false},"excerpt":{"rendered":"<p>lunes, 26 de diciembre de 2022 Las protestas en Ir\u00e1n comenzaron a mediados de septiembre&#8230;<\/p>\n","protected":false},"author":3,"featured_media":54522,"comment_status":"closed","ping_status":"closed","sticky":false,"template":"","format":"standard","meta":{"footnotes":""},"categories":[5],"tags":[],"class_list":["post-54520","post","type-post","status-publish","format-standard","has-post-thumbnail","hentry","category-internacional"],"_links":{"self":[{"href":"https:\/\/bambapolitica.com.mx\/index.php\/wp-json\/wp\/v2\/posts\/54520","targetHints":{"allow":["GET"]}}],"collection":[{"href":"https:\/\/bambapolitica.com.mx\/index.php\/wp-json\/wp\/v2\/posts"}],"about":[{"href":"https:\/\/bambapolitica.com.mx\/index.php\/wp-json\/wp\/v2\/types\/post"}],"author":[{"embeddable":true,"href":"https:\/\/bambapolitica.com.mx\/index.php\/wp-json\/wp\/v2\/users\/3"}],"replies":[{"embeddable":true,"href":"https:\/\/bambapolitica.com.mx\/index.php\/wp-json\/wp\/v2\/comments?post=54520"}],"version-history":[{"count":1,"href":"https:\/\/bambapolitica.com.mx\/index.php\/wp-json\/wp\/v2\/posts\/54520\/revisions"}],"predecessor-version":[{"id":54523,"href":"https:\/\/bambapolitica.com.mx\/index.php\/wp-json\/wp\/v2\/posts\/54520\/revisions\/54523"}],"wp:featuredmedia":[{"embeddable":true,"href":"https:\/\/bambapolitica.com.mx\/index.php\/wp-json\/wp\/v2\/media\/54522"}],"wp:attachment":[{"href":"https:\/\/bambapolitica.com.mx\/index.php\/wp-json\/wp\/v2\/media?parent=54520"}],"wp:term":[{"taxonomy":"category","embeddable":true,"href":"https:\/\/bambapolitica.com.mx\/index.php\/wp-json\/wp\/v2\/categories?post=54520"},{"taxonomy":"post_tag","embeddable":true,"href":"https:\/\/bambapolitica.com.mx\/index.php\/wp-json\/wp\/v2\/tags?post=54520"}],"curies":[{"name":"wp","href":"https:\/\/api.w.org\/{rel}","templated":true}]}}