{"id":54530,"date":"2022-12-26T10:44:28","date_gmt":"2022-12-26T16:44:28","guid":{"rendered":"http:\/\/bambapolitica.com.mx\/?p=54530"},"modified":"2022-12-26T10:44:31","modified_gmt":"2022-12-26T16:44:31","slug":"voy-derecho-y-no-me-quito-palacio-nacional","status":"publish","type":"post","link":"https:\/\/bambapolitica.com.mx\/index.php\/2022\/12\/26\/voy-derecho-y-no-me-quito-palacio-nacional\/","title":{"rendered":"Voy derecho y no me quito: Palacio Nacional"},"content":{"rendered":"\n<p>lunes, 26 de diciembre de 2022<\/p>\n\n\n\n<p>El Arco del Triunfo ha sido peque\u00f1o para el Presidente Andr\u00e9s Manuel L\u00f3pez Obrador, pues hace cinco d\u00edas celebr\u00f3 un mitin de campa\u00f1a en el Sal\u00f3n Tesorer\u00eda de Palacio Nacional con los diputados y senadores de Morena. Y, como dio nota, nadie reclam\u00f3.<\/p>\n\n\n\n<p><br>Los derrotados en la elecci\u00f3n de 2006, cotidianamente citada en las ma\u00f1aneras, exigieron que la ley electoral prohibiera al Presidente promover o actuar a favor de ning\u00fan partido o candidato.<\/p>\n\n\n\n<p>El Arco del Triunfo ha sido peque\u00f1o para el Presidente Andr\u00e9s Manuel L\u00f3pez Obrador, pues hace cinco d\u00edas celebr\u00f3 un mitin de campa\u00f1a en el Sal\u00f3n Tesorer\u00eda de Palacio Nacional con los diputados y senadores de Morena. Y, como dio nota, nadie reclam\u00f3.<\/p>\n\n\n\n<p>A nadie enga\u00f1a. \u00bfNo hubo reforma electoral y nos dieron a medias el plan B? No importa, mientras demos nota, por la bendita \u201cautoridad moral de la revoluci\u00f3n de las conciencias violaremos impunemente la ley, \u00bfalguna objeci\u00f3n, corruptos?\u201d<\/p>\n\n\n\n<p>Suprema Corte: podr\u00eda haber un plan C<br>\u201cYa no controlar\u00e1 AMLO a la Corte\u201d, afirman algunos por el esc\u00e1ndalo de la ministra Yazm\u00edn Esquivel, pero subestiman los recursos en el arsenal estrat\u00e9gico de las facultades constitucionales y metaconstitucionales del Ejecutivo.<\/p>\n\n\n\n<p>Si as\u00ed fuera, siempre podr\u00eda imitar al mandatario argentino Alberto Fern\u00e1ndez, quien por conflicto con su Suprema Corte anunci\u00f3 que no cumplir\u00e1 una decisi\u00f3n judicial y recusar\u00e1 a los jueces.<\/p>\n\n\n\n<p>O el plan C. Revivir la iniciativa de la morenista Reyna Celeste para \u201crestringir la posibilidad de que la Suprema Corte pueda decretar la invalidez de leyes con base en la apreciaci\u00f3n de que alguna norma constitucional es inv\u00e1lida\u201d. Y, caso resuelto.<\/p>\n\n\n\n<p>\u00bfQui\u00e9n combate la inseguridad carretera?<br>As\u00ed como a Sedena se la ha dificultado que la Guardia Nacional use su facultad de investigar para prevenir delitos, hasta con operaciones encubiertas, no han logrado que desempe\u00f1e eficazmente la vigilancia de carreteras que hac\u00eda la Polic\u00eda Federal.<\/p>\n\n\n\n<p>Vale la observaci\u00f3n, porque hace un a\u00f1o, el 14 de diciembre de 2021, se anunci\u00f3 que la Guardia recib\u00eda mil patrullas para vigilar carreteras, pero actualmente se incrementan las quejas por los asaltos en las carreteras de la Rep\u00fablica.<\/p>\n\n\n\n<p>Y no se explica que ni siquiera hagan presencia para evitar accidentes, menos que, conociendo las rutas m\u00e1s peligrosas para el transporte de carga y para actividades ilegales, sigan los reclamos de transportistas por la creciente inseguridad.<\/p>\n\n\n\n<p>NOTAS EN REMOLINO<br>Dentro de una semana sabremos quien presidir\u00e1 la Suprema Corte de Justicia. Mientras, el nombre de Arturo Zald\u00edvar, dicen fuentes palaciegas, ha si mencionado como pieza del ajedrez pol\u00edtico presidencial\u2026 Fidel Castro, dicen quienes repasan la historia, es de los pocos que no permiti\u00f3 la intervenci\u00f3n extranjera. Claro, olvidando los misiles que forzadamente fueron retirados en octubre de 1962 y los 3 millones diarios que recib\u00eda de Mosc\u00fa\u2026 El caso de los m\u00e9dicos residentes de los hospitales de Pemex ha demostrado otra vez el lado oscuro de la 4T, ese que le hace actuar como el peor de los \u201cexplotadores patrones capitalistas\u201d\u2026 Los migrantes que fluyen a trav\u00e9s del territorio nacional y, otra vez, se agrupan en la frontera, y los desplazados por la violencia criminal ya empezaron a crear un imprevisible problema humanitario para el Gobierno de M\u00e9xico\u2026 Renunci\u00f3 el director de la Escuela Nacional de Antropolog\u00eda Hilario Topete\u2026 Ah, las definiciones del Poder. Leonardo Boff nos deja esta: \u201ctodo hombre quiere ser rey, todo rey quiere ser dios, Dios s\u00f3lo quiso ser Ni\u00f1o\u201d<\/p>\n","protected":false},"excerpt":{"rendered":"<p>lunes, 26 de diciembre de 2022 El Arco del Triunfo ha sido peque\u00f1o para el&#8230;<\/p>\n","protected":false},"author":3,"featured_media":54531,"comment_status":"closed","ping_status":"closed","sticky":false,"template":"","format":"standard","meta":{"footnotes":""},"categories":[15],"tags":[],"class_list":["post-54530","post","type-post","status-publish","format-standard","has-post-thumbnail","hentry","category-opinion"],"_links":{"self":[{"href":"https:\/\/bambapolitica.com.mx\/index.php\/wp-json\/wp\/v2\/posts\/54530","targetHints":{"allow":["GET"]}}],"collection":[{"href":"https:\/\/bambapolitica.com.mx\/index.php\/wp-json\/wp\/v2\/posts"}],"about":[{"href":"https:\/\/bambapolitica.com.mx\/index.php\/wp-json\/wp\/v2\/types\/post"}],"author":[{"embeddable":true,"href":"https:\/\/bambapolitica.com.mx\/index.php\/wp-json\/wp\/v2\/users\/3"}],"replies":[{"embeddable":true,"href":"https:\/\/bambapolitica.com.mx\/index.php\/wp-json\/wp\/v2\/comments?post=54530"}],"version-history":[{"count":1,"href":"https:\/\/bambapolitica.com.mx\/index.php\/wp-json\/wp\/v2\/posts\/54530\/revisions"}],"predecessor-version":[{"id":54532,"href":"https:\/\/bambapolitica.com.mx\/index.php\/wp-json\/wp\/v2\/posts\/54530\/revisions\/54532"}],"wp:featuredmedia":[{"embeddable":true,"href":"https:\/\/bambapolitica.com.mx\/index.php\/wp-json\/wp\/v2\/media\/54531"}],"wp:attachment":[{"href":"https:\/\/bambapolitica.com.mx\/index.php\/wp-json\/wp\/v2\/media?parent=54530"}],"wp:term":[{"taxonomy":"category","embeddable":true,"href":"https:\/\/bambapolitica.com.mx\/index.php\/wp-json\/wp\/v2\/categories?post=54530"},{"taxonomy":"post_tag","embeddable":true,"href":"https:\/\/bambapolitica.com.mx\/index.php\/wp-json\/wp\/v2\/tags?post=54530"}],"curies":[{"name":"wp","href":"https:\/\/api.w.org\/{rel}","templated":true}]}}