{"id":54533,"date":"2022-12-27T07:41:53","date_gmt":"2022-12-27T13:41:53","guid":{"rendered":"http:\/\/bambapolitica.com.mx\/?p=54533"},"modified":"2022-12-27T07:41:54","modified_gmt":"2022-12-27T13:41:54","slug":"seguridad-publica-de-valle-de-chalco-realiza-operativos-en-transporte-publico-de-pasajeros","status":"publish","type":"post","link":"https:\/\/bambapolitica.com.mx\/index.php\/2022\/12\/27\/seguridad-publica-de-valle-de-chalco-realiza-operativos-en-transporte-publico-de-pasajeros\/","title":{"rendered":"Seguridad P\u00fablica de Valle de Chalco realiza operativos en  transporte p\u00fablico de pasajeros"},"content":{"rendered":"\n<p>martes, 27 de diciembre de 2022<\/p>\n\n\n\n<p>La direcci\u00f3n de Seguridad P\u00fablica de Valle de Chalco realiza operativos en transporte p\u00fablico de pasajeros denominado Ciudadana, Ciudadano Seguro coordinado con la C\u00e9dula de B\u00fasqueda y Localizaci\u00f3n de Personas Desaparecidas o Ausentes y elementos de Prevenci\u00f3n Atenci\u00f3n, Combate y Erradicaci\u00f3n de los Delitos de G\u00e9nero.<\/p>\n\n\n\n<p><br>Personal de las \u00e1reas de tr\u00e1nsito, seguridad p\u00fablica y de c\u00e9dula de b\u00fasqueda participaron en este operativo realizado en el eje 10 y la autopista M\u00e9xico Puebla para inhibir los robos a bordo de las unidades de transporte p\u00fablico de pasajeros que circulan por estas v\u00edas adem\u00e1s de informar a la poblaci\u00f3n en caso de desaparici\u00f3n o ausencia de alguna persona.<br>15 elementos, tres mandos y seis veh\u00edculos oficiales fueron los que realizaron est\u00e1 acci\u00f3n a favor de los pobladores no solo del municipio y de los vecinos de municipios vecinos que circulan o viajan a bordo del transporte p\u00fablico.<\/p>\n\n\n\n<p><br>19 unidades de transporte fueron inspeccionadas al igual que los pasajeros hombres y mujeres a los que revisaron para evitar portar armas de fuego o blancas.<\/p>\n\n\n\n<p><br>Estos operativos los llevan a cabo la polic\u00eda municipal como parte de la estrategia de pacificaci\u00f3n para mantener el orden dentro del territorio municipal por instrucciones del presidente municipal, Armando Garc\u00eda M\u00e9ndez.<\/p>\n\n\n\n<p><br>Estos operativos se realizan con fundamento en la Ley General del Sistema Nacional de Seguridad P\u00fablica.<\/p>\n","protected":false},"excerpt":{"rendered":"<p>martes, 27 de diciembre de 2022 La direcci\u00f3n de Seguridad P\u00fablica de Valle de Chalco&#8230;<\/p>\n","protected":false},"author":3,"featured_media":54534,"comment_status":"closed","ping_status":"closed","sticky":false,"template":"","format":"standard","meta":{"footnotes":""},"categories":[4],"tags":[],"class_list":["post-54533","post","type-post","status-publish","format-standard","has-post-thumbnail","hentry","category-noticias-del-dia"],"_links":{"self":[{"href":"https:\/\/bambapolitica.com.mx\/index.php\/wp-json\/wp\/v2\/posts\/54533","targetHints":{"allow":["GET"]}}],"collection":[{"href":"https:\/\/bambapolitica.com.mx\/index.php\/wp-json\/wp\/v2\/posts"}],"about":[{"href":"https:\/\/bambapolitica.com.mx\/index.php\/wp-json\/wp\/v2\/types\/post"}],"author":[{"embeddable":true,"href":"https:\/\/bambapolitica.com.mx\/index.php\/wp-json\/wp\/v2\/users\/3"}],"replies":[{"embeddable":true,"href":"https:\/\/bambapolitica.com.mx\/index.php\/wp-json\/wp\/v2\/comments?post=54533"}],"version-history":[{"count":1,"href":"https:\/\/bambapolitica.com.mx\/index.php\/wp-json\/wp\/v2\/posts\/54533\/revisions"}],"predecessor-version":[{"id":54535,"href":"https:\/\/bambapolitica.com.mx\/index.php\/wp-json\/wp\/v2\/posts\/54533\/revisions\/54535"}],"wp:featuredmedia":[{"embeddable":true,"href":"https:\/\/bambapolitica.com.mx\/index.php\/wp-json\/wp\/v2\/media\/54534"}],"wp:attachment":[{"href":"https:\/\/bambapolitica.com.mx\/index.php\/wp-json\/wp\/v2\/media?parent=54533"}],"wp:term":[{"taxonomy":"category","embeddable":true,"href":"https:\/\/bambapolitica.com.mx\/index.php\/wp-json\/wp\/v2\/categories?post=54533"},{"taxonomy":"post_tag","embeddable":true,"href":"https:\/\/bambapolitica.com.mx\/index.php\/wp-json\/wp\/v2\/tags?post=54533"}],"curies":[{"name":"wp","href":"https:\/\/api.w.org\/{rel}","templated":true}]}}