{"id":54554,"date":"2022-12-27T08:58:21","date_gmt":"2022-12-27T14:58:21","guid":{"rendered":"http:\/\/bambapolitica.com.mx\/?p=54554"},"modified":"2022-12-27T08:58:23","modified_gmt":"2022-12-27T14:58:23","slug":"localizan-a-12-personas-extraviadas-en-el-ajusco","status":"publish","type":"post","link":"https:\/\/bambapolitica.com.mx\/index.php\/2022\/12\/27\/localizan-a-12-personas-extraviadas-en-el-ajusco\/","title":{"rendered":"Localizan a 12 personas extraviadas en el Ajusco"},"content":{"rendered":"\n<p>martes, 27 de diciembre de 2022<\/p>\n\n\n\n<p>Autoridades de la Ciudad de M\u00e9xico localizaron a doce personas reportadas como extraviadas tras subir a la parte alta del Ajusco.<\/p>\n\n\n\n<p><br>Un grupo de al menos doce personas se extravi\u00f3 en el Ajusco, alcald\u00eda Tlalpan de la Ciudad de M\u00e9xico.<\/p>\n\n\n\n<p>La noche del lunes una de las v\u00edctimas logr\u00f3 comunicarse por tel\u00e9fono con sus familiares para avisarles que hab\u00edan perdido el camino de regreso.<br>De inmediato se report\u00f3 el extrav\u00edo y personas de Protecci\u00f3n Civil despleg\u00f3 un operativo de rescate que inici\u00f3 en la zona del paraje La Cantimplora, donde se tuvo el \u00faltimo registro de las personas.<\/p>\n\n\n\n<p>Brigadistas buscaron al grupo durante la noche y fue hasta la madrugada de este martes que los localizaron y ayudaron a bajar.<\/p>\n\n\n\n<p>El grupo extraviado estaba compuesto por ocho adultos y cuatro menores de edad, quienes de acuerdo con la alcald\u00eda Tlalpan ya se encuentran con sus familiares.<\/p>\n\n\n\n<p>Decenas de personas se han dado cita en el Ajusco en los \u00faltimos d\u00edas ante la ca\u00edda de aguanieve que pint\u00f3 de blanco el paisaje.<\/p>\n","protected":false},"excerpt":{"rendered":"<p>martes, 27 de diciembre de 2022 Autoridades de la Ciudad de M\u00e9xico localizaron a doce&#8230;<\/p>\n","protected":false},"author":3,"featured_media":54555,"comment_status":"closed","ping_status":"closed","sticky":false,"template":"","format":"standard","meta":{"footnotes":""},"categories":[4],"tags":[],"class_list":["post-54554","post","type-post","status-publish","format-standard","has-post-thumbnail","hentry","category-noticias-del-dia"],"_links":{"self":[{"href":"https:\/\/bambapolitica.com.mx\/index.php\/wp-json\/wp\/v2\/posts\/54554","targetHints":{"allow":["GET"]}}],"collection":[{"href":"https:\/\/bambapolitica.com.mx\/index.php\/wp-json\/wp\/v2\/posts"}],"about":[{"href":"https:\/\/bambapolitica.com.mx\/index.php\/wp-json\/wp\/v2\/types\/post"}],"author":[{"embeddable":true,"href":"https:\/\/bambapolitica.com.mx\/index.php\/wp-json\/wp\/v2\/users\/3"}],"replies":[{"embeddable":true,"href":"https:\/\/bambapolitica.com.mx\/index.php\/wp-json\/wp\/v2\/comments?post=54554"}],"version-history":[{"count":1,"href":"https:\/\/bambapolitica.com.mx\/index.php\/wp-json\/wp\/v2\/posts\/54554\/revisions"}],"predecessor-version":[{"id":54556,"href":"https:\/\/bambapolitica.com.mx\/index.php\/wp-json\/wp\/v2\/posts\/54554\/revisions\/54556"}],"wp:featuredmedia":[{"embeddable":true,"href":"https:\/\/bambapolitica.com.mx\/index.php\/wp-json\/wp\/v2\/media\/54555"}],"wp:attachment":[{"href":"https:\/\/bambapolitica.com.mx\/index.php\/wp-json\/wp\/v2\/media?parent=54554"}],"wp:term":[{"taxonomy":"category","embeddable":true,"href":"https:\/\/bambapolitica.com.mx\/index.php\/wp-json\/wp\/v2\/categories?post=54554"},{"taxonomy":"post_tag","embeddable":true,"href":"https:\/\/bambapolitica.com.mx\/index.php\/wp-json\/wp\/v2\/tags?post=54554"}],"curies":[{"name":"wp","href":"https:\/\/api.w.org\/{rel}","templated":true}]}}