{"id":54560,"date":"2022-12-27T09:18:09","date_gmt":"2022-12-27T15:18:09","guid":{"rendered":"http:\/\/bambapolitica.com.mx\/?p=54560"},"modified":"2022-12-27T09:18:10","modified_gmt":"2022-12-27T15:18:10","slug":"asesinan-a-representante-de-la-canirac-en-cuatla","status":"publish","type":"post","link":"https:\/\/bambapolitica.com.mx\/index.php\/2022\/12\/27\/asesinan-a-representante-de-la-canirac-en-cuatla\/","title":{"rendered":"Asesinan a representante de la Canirac en Cuatla"},"content":{"rendered":"\n<p>martes, 27 de diciembre de 2022<\/p>\n\n\n\n<p>El representante de la Canirac fue asesinado por hombres armados que ingresaron a un bar de su propiedad y le dispararon directamente en la cabeza.<\/p>\n\n\n\n<p><br>El representante de la C\u00e1mara Nacional de la Industria Restaurantera y Alimentos Condimentados (Canirac) en Cuautla, Jair Mor\u00f3n Vald\u00e9s, fue asesinado a balazos en un ataque directo en Oaxtepec, en el municipio de Yautepec en Morelos.<\/p>\n\n\n\n<p><br>Los primeros reportes indican que la v\u00edctima fue asesinada por hombres armados que ingresaron al bar \u2018Barbie chelas\u2019, el cual era de su propiedad, y le dispararon directamente en la cabeza.<br>Pese a que tras la agresi\u00f3n equipos de rescate y auxilio acudieron a las instalaciones del bar \u00fanicamente pudieron constatar que la v\u00edctima ya no contaba con signos vitales.<\/p>\n\n\n\n<p>Al lugar de la agresi\u00f3n arribaron familiares de Mor\u00f3n Vald\u00e9s quienes realizaron el reconocimiento del cuerpo y elementos de seguridad acordonaron el \u00e1rea para dar parte al personal de la fiscal\u00eda que iniciaron las averiguaciones por el crimen.<\/p>\n\n\n\n<p>Tras el asesinato se despleg\u00f3 un operativo con la finalidad de localizar a los presuntos responsables pero estos no fueron localizados.<\/p>\n","protected":false},"excerpt":{"rendered":"<p>martes, 27 de diciembre de 2022 El representante de la Canirac fue asesinado por hombres&#8230;<\/p>\n","protected":false},"author":3,"featured_media":54561,"comment_status":"closed","ping_status":"closed","sticky":false,"template":"","format":"standard","meta":{"footnotes":""},"categories":[2],"tags":[],"class_list":["post-54560","post","type-post","status-publish","format-standard","has-post-thumbnail","hentry","category-policiaca"],"_links":{"self":[{"href":"https:\/\/bambapolitica.com.mx\/index.php\/wp-json\/wp\/v2\/posts\/54560","targetHints":{"allow":["GET"]}}],"collection":[{"href":"https:\/\/bambapolitica.com.mx\/index.php\/wp-json\/wp\/v2\/posts"}],"about":[{"href":"https:\/\/bambapolitica.com.mx\/index.php\/wp-json\/wp\/v2\/types\/post"}],"author":[{"embeddable":true,"href":"https:\/\/bambapolitica.com.mx\/index.php\/wp-json\/wp\/v2\/users\/3"}],"replies":[{"embeddable":true,"href":"https:\/\/bambapolitica.com.mx\/index.php\/wp-json\/wp\/v2\/comments?post=54560"}],"version-history":[{"count":1,"href":"https:\/\/bambapolitica.com.mx\/index.php\/wp-json\/wp\/v2\/posts\/54560\/revisions"}],"predecessor-version":[{"id":54562,"href":"https:\/\/bambapolitica.com.mx\/index.php\/wp-json\/wp\/v2\/posts\/54560\/revisions\/54562"}],"wp:featuredmedia":[{"embeddable":true,"href":"https:\/\/bambapolitica.com.mx\/index.php\/wp-json\/wp\/v2\/media\/54561"}],"wp:attachment":[{"href":"https:\/\/bambapolitica.com.mx\/index.php\/wp-json\/wp\/v2\/media?parent=54560"}],"wp:term":[{"taxonomy":"category","embeddable":true,"href":"https:\/\/bambapolitica.com.mx\/index.php\/wp-json\/wp\/v2\/categories?post=54560"},{"taxonomy":"post_tag","embeddable":true,"href":"https:\/\/bambapolitica.com.mx\/index.php\/wp-json\/wp\/v2\/tags?post=54560"}],"curies":[{"name":"wp","href":"https:\/\/api.w.org\/{rel}","templated":true}]}}