{"id":54566,"date":"2022-12-27T10:01:46","date_gmt":"2022-12-27T16:01:46","guid":{"rendered":"http:\/\/bambapolitica.com.mx\/?p=54566"},"modified":"2022-12-27T10:01:48","modified_gmt":"2022-12-27T16:01:48","slug":"liberan-a-conductor-borracho-que-atropello-y-mato-a-un-tamalero-en-cuautitlan-izcalli","status":"publish","type":"post","link":"https:\/\/bambapolitica.com.mx\/index.php\/2022\/12\/27\/liberan-a-conductor-borracho-que-atropello-y-mato-a-un-tamalero-en-cuautitlan-izcalli\/","title":{"rendered":"Liberan a conductor borracho que atropell\u00f3 y mat\u00f3 a un tamalero en Cuautitl\u00e1n Izcalli"},"content":{"rendered":"\n<p>martes, 27 de diciembre de 2022<\/p>\n\n\n\n<p>El hecho tuvo lugar en v\u00edsperas de Nochebuena y fue grabado por c\u00e1maras de vigilancia; los familiares del tamalero exigen que el homicida no salga en libertad.<\/p>\n\n\n\n<p><br>El hijo mayor de Jorge Claudio, tamalero que fue asesinado el 24 de diciembre tras ser atropellado en el municipio de Cuautitl\u00e1n Izcalli, Estado de M\u00e9xico, por un conductor en presunto estado de ebriedad, inform\u00f3 que el homicida, identificado como Ken Omar \u2018N\u2019, fue liberado.<\/p>\n\n\n\n<p>De acuerdo con Raziel, hijo mayor de Jorge Claudio, su abogado les notific\u00f3 que Ken Omar \u2018N\u2019 fue liberado esta ma\u00f1ana, se\u00f1alando que les deber\u00e1 pagar una indemnizaci\u00f3n.<\/p>\n\n\n\n<p>\u201cEsta ma\u00f1ana el abogado nos dijo que ya lo dejaron libre y se va hacer responsable de los gastos; pero me quito a mi pap\u00e1, \u00bfa m\u00ed de que me sirve eso?, no se me hace justo\u201d, dijo Raziel.<br>Jorge Claudio ten\u00eda 47 a\u00f1os de edad y llevaba 20 a\u00f1os comerciando tamales. Durante sus \u00faltimos a\u00f1os de vida vend\u00eda en la colonia Santa Mar\u00eda las Torres. Fue asesinado la ma\u00f1ana del 24 de diciembre, cuando fue embestido por un automovilista presuntamente ebrio.<\/p>\n\n\n\n<p>\u201cEse d\u00eda mi pap\u00e1 sali\u00f3 a vender con mi hermano menor y le dijo \u2018adel\u00e1ntate, hijo, voy a echar una torta\u2019. Mi hermano se qued\u00f3 esperando m\u00e1s adelante, pero nunca lleg\u00f3 mi pap\u00e1. Entonces, un cliente le dijo que acababan de matar a un tamalero m\u00e1s abajo\u201d.<br>Raziel, de 21 a\u00f1os de edad y estudiante de la carrera de Ingenier\u00eda Qu\u00edmica en la Facultad de Estudios Superiores (FES) Cuautitl\u00e1n, y Joab, de 18 a\u00f1os y estudiante de Ingenier\u00eda en Sistemas en la Universidad Icel, aseguraron estar preocupados por su futuro, pues su padre era el sustento de la familia.<\/p>\n\n\n\n<p>Jorge Claudio fue sepultado en el pante\u00f3n San Juan de Atlamica, ubicado en Cuatitl\u00e1n Izcalli. Mientras, su familia exigi\u00f3 que su presunto homicida no salga en libertad.<\/p>\n\n\n\n<p>\u201cMi pap\u00e1 era muy alegre, muy feliz\u2026lo que queremos es que no salga libre (Ken Omar \u2018N\u2019), porque es un homicidio. Ni todo el dinero que nos den nos va a devolver a mi pap\u00e1\u201d, afirm\u00f3 Raziel.<br>Carlos, quien llevaba m\u00e1s de 10 a\u00f1os de amistad con Claudio, asever\u00f3 que era un hombre trabajador, que s\u00f3lo buscaba salir adelante con su familia.<\/p>\n\n\n\n<p>Claudio, seg\u00fan su amigo Carlos, particip\u00f3 en diferentes campa\u00f1as pol\u00edticas, como la de la coalici\u00f3n Va por M\u00e9xico, donde recorri\u00f3 las calles del municipio para apoyar a la actual presidenta municipal de Cuautitl\u00e1n Izcalli, Karla Fiesco.<\/p>\n\n\n\n<p>\u201cApoyaba a muchos candidatos y a la mera hora ninguno gratificaba nada, ni las gracias le daban, pero era trabajo; recorr\u00eda calles, hac\u00eda de todo\u201d, coment\u00f3 Carlos.<br>Conductor en presunto estado de ebriedad atropella a tamalero<br>El asesinato fue grabado por una c\u00e1mara de seguridad y tuvo lugar en las v\u00edsperas de Nochebuena, cuando un autom\u00f3vil modelo Mini Countryman Cooper D, color gris con franjas negras, circulaba a exceso de velocidad y atropell\u00f3 a Claudio, quien manejaba un triciclo color amarillo.<\/p>\n\n\n\n<p>De acuerdo con los param\u00e9dicos que atendieron a Claudio, \u00e9ste muri\u00f3 en el lugar, debido al fuerte impacto que recibi\u00f3 en la cabeza.<\/p>\n\n\n\n<p>Por el crimen, el conductor, identificado como Ken Omar \u2018N\u2019, de 32 a\u00f1os de edad, fue detenido por elementos de la Polic\u00eda Municipal en la calle Austral, colonia Atlanta.<\/p>\n","protected":false},"excerpt":{"rendered":"<p>martes, 27 de diciembre de 2022 El hecho tuvo lugar en v\u00edsperas de Nochebuena y&#8230;<\/p>\n","protected":false},"author":3,"featured_media":54567,"comment_status":"closed","ping_status":"closed","sticky":false,"template":"","format":"standard","meta":{"footnotes":""},"categories":[2],"tags":[],"class_list":["post-54566","post","type-post","status-publish","format-standard","has-post-thumbnail","hentry","category-policiaca"],"_links":{"self":[{"href":"https:\/\/bambapolitica.com.mx\/index.php\/wp-json\/wp\/v2\/posts\/54566","targetHints":{"allow":["GET"]}}],"collection":[{"href":"https:\/\/bambapolitica.com.mx\/index.php\/wp-json\/wp\/v2\/posts"}],"about":[{"href":"https:\/\/bambapolitica.com.mx\/index.php\/wp-json\/wp\/v2\/types\/post"}],"author":[{"embeddable":true,"href":"https:\/\/bambapolitica.com.mx\/index.php\/wp-json\/wp\/v2\/users\/3"}],"replies":[{"embeddable":true,"href":"https:\/\/bambapolitica.com.mx\/index.php\/wp-json\/wp\/v2\/comments?post=54566"}],"version-history":[{"count":1,"href":"https:\/\/bambapolitica.com.mx\/index.php\/wp-json\/wp\/v2\/posts\/54566\/revisions"}],"predecessor-version":[{"id":54568,"href":"https:\/\/bambapolitica.com.mx\/index.php\/wp-json\/wp\/v2\/posts\/54566\/revisions\/54568"}],"wp:featuredmedia":[{"embeddable":true,"href":"https:\/\/bambapolitica.com.mx\/index.php\/wp-json\/wp\/v2\/media\/54567"}],"wp:attachment":[{"href":"https:\/\/bambapolitica.com.mx\/index.php\/wp-json\/wp\/v2\/media?parent=54566"}],"wp:term":[{"taxonomy":"category","embeddable":true,"href":"https:\/\/bambapolitica.com.mx\/index.php\/wp-json\/wp\/v2\/categories?post=54566"},{"taxonomy":"post_tag","embeddable":true,"href":"https:\/\/bambapolitica.com.mx\/index.php\/wp-json\/wp\/v2\/tags?post=54566"}],"curies":[{"name":"wp","href":"https:\/\/api.w.org\/{rel}","templated":true}]}}